{"id":9776,"date":"2020-09-16T11:29:48","date_gmt":"2020-09-16T11:29:48","guid":{"rendered":"https:\/\/www.sensacionrural.es\/blog\/?p=9776"},"modified":"2024-03-20T07:18:42","modified_gmt":"2024-03-20T07:18:42","slug":"pueblos-encanto-malaga","status":"publish","type":"post","link":"https:\/\/www.sensacionrural.es\/blog\/pueblos-encanto-malaga\/","title":{"rendered":"20 Pueblos con encanto en M\u00e1laga"},"content":{"rendered":"<p><strong>M\u00e1laga<\/strong> es una provincia\u00a0id\u00f3nea para la pr\u00e1ctica del turismo rural. De eso, estamos seguros. Puede que seas de los que piense que la provincia andaluza es un destino perfecto de sol y playa y no te faltar\u00e1 raz\u00f3n, \u00a1pero tiene mucho m\u00e1s! \u00bfLo quieres comprobar? Os lo mostramos en este post sobre algunos de los <strong>pueblos con m\u00e1s encanto en M\u00e1laga<\/strong>.<\/p>\n<p>Efectivamente, la provincia de M\u00e1laga es ideal para el turismo de playa. No es casualidad que reciba el sobrenombre de la Costa del Sol. Sin embargo, si decides visitar la provincia malague\u00f1a, podr\u00e1s ver que tiene muchos secretos, \u00a1muy bien guardados!<\/p>\n<p>Aqu\u00ed, os vamos a mostrar algunos de los <strong>pueblos m\u00e1s bonitos de M\u00e1laga<\/strong>. Hablamos de peque\u00f1as localidades que destacan sobremanera por el entorno natural en el que se encuentran o por un patrimonio hist\u00f3rico y cultural \u00fanico. \u00a1O puede que por ambas!<\/p>\n<p style=\"text-align: center;\"><a href=\"https:\/\/www.sensacionrural.es\/blog\/wp-content\/uploads\/2018\/04\/pueblos-encanto-malaga.jpg\" data-rel=\"penci-gallery-image-content\"  rel=\"attachment wp-att-9777\"><img fetchpriority=\"high\" decoding=\"async\" class=\"aligncenter size-full wp-image-9777\" src=\"https:\/\/www.sensacionrural.es\/blog\/wp-content\/uploads\/2018\/04\/pueblos-encanto-malaga.jpg\" alt=\"pueblos encanto malaga\" width=\"800\" height=\"533\" srcset=\"https:\/\/www.sensacionrural.es\/blog\/wp-content\/uploads\/2018\/04\/pueblos-encanto-malaga.jpg 800w, https:\/\/www.sensacionrural.es\/blog\/wp-content\/uploads\/2018\/04\/pueblos-encanto-malaga-300x200.jpg 300w, https:\/\/www.sensacionrural.es\/blog\/wp-content\/uploads\/2018\/04\/pueblos-encanto-malaga-768x512.jpg 768w, https:\/\/www.sensacionrural.es\/blog\/wp-content\/uploads\/2018\/04\/pueblos-encanto-malaga-600x400.jpg 600w\" sizes=\"(max-width: 800px) 100vw, 800px\" \/><\/a><\/p>\n<p style=\"text-align: center;\">Gary Cheeseman<\/p>\n<blockquote><p><em><span style=\"color: #80bd03;\"><i class=\"fa fa-home\">\u00a0 \u00a0<\/i><\/span><em>Como no pod\u00eda ser de otra manera, la mejor manera de recorrer todos estos pueblos es pasando unos d\u00edas en un alojamiento de turismo rural. Aqu\u00ed, <a href=\"https:\/\/www.sensacionrural.es\/casas-rurales-en-malaga\">te recomendamos m\u00e1s de 300 casas rurales en M\u00e1laga<\/a>. \u00bfA qu\u00e9 esperas para reservar la que m\u00e1s te guste?<\/em><\/em><\/p><\/blockquote>\n<div id=\"ez-toc-container\" class=\"ez-toc-v2_0_69_1 ez-toc-wrap-center counter-hierarchy ez-toc-counter ez-toc-grey ez-toc-container-direction\">\n<div class=\"ez-toc-title-container\">\n<p class=\"ez-toc-title \" >&Iacute;ndice de contenidos<\/p>\n<span class=\"ez-toc-title-toggle\"><a href=\"#\" class=\"ez-toc-pull-right ez-toc-btn ez-toc-btn-xs ez-toc-btn-default ez-toc-toggle\" aria-label=\"Toggle Table of Content\"><span class=\"ez-toc-js-icon-con\"><span class=\"\"><span class=\"eztoc-hide\" style=\"display:none;\">Toggle<\/span><span class=\"ez-toc-icon-toggle-span\"><svg style=\"fill: #999;color:#999\" xmlns=\"http:\/\/www.w3.org\/2000\/svg\" class=\"list-377408\" width=\"20px\" height=\"20px\" viewBox=\"0 0 24 24\" fill=\"none\"><path d=\"M6 6H4v2h2V6zm14 0H8v2h12V6zM4 11h2v2H4v-2zm16 0H8v2h12v-2zM4 16h2v2H4v-2zm16 0H8v2h12v-2z\" fill=\"currentColor\"><\/path><\/svg><svg style=\"fill: #999;color:#999\" class=\"arrow-unsorted-368013\" xmlns=\"http:\/\/www.w3.org\/2000\/svg\" width=\"10px\" height=\"10px\" viewBox=\"0 0 24 24\" version=\"1.2\" baseProfile=\"tiny\"><path d=\"M18.2 9.3l-6.2-6.3-6.2 6.3c-.2.2-.3.4-.3.7s.1.5.3.7c.2.2.4.3.7.3h11c.3 0 .5-.1.7-.3.2-.2.3-.5.3-.7s-.1-.5-.3-.7zM5.8 14.7l6.2 6.3 6.2-6.3c.2-.2.3-.5.3-.7s-.1-.5-.3-.7c-.2-.2-.4-.3-.7-.3h-11c-.3 0-.5.1-.7.3-.2.2-.3.5-.3.7s.1.5.3.7z\"\/><\/svg><\/span><\/span><\/span><\/a><\/span><\/div>\n<nav><ul class='ez-toc-list ez-toc-list-level-1 ' ><li class='ez-toc-page-1 ez-toc-heading-level-2'><a class=\"ez-toc-link ez-toc-heading-1\" href=\"https:\/\/www.sensacionrural.es\/blog\/pueblos-encanto-malaga\/#Descubre_algunos_de_los_Pueblos_mas_Bonitos_de_Malaga\" title=\"Descubre algunos de los Pueblos m\u00e1s Bonitos de M\u00e1laga\">Descubre algunos de los Pueblos m\u00e1s Bonitos de M\u00e1laga<\/a><ul class='ez-toc-list-level-3' ><li class='ez-toc-heading-level-3'><a class=\"ez-toc-link ez-toc-heading-2\" href=\"https:\/\/www.sensacionrural.es\/blog\/pueblos-encanto-malaga\/#1_Frigiliana\" title=\"1. Frigiliana\">1. Frigiliana<\/a><\/li><li class='ez-toc-page-1 ez-toc-heading-level-3'><a class=\"ez-toc-link ez-toc-heading-3\" href=\"https:\/\/www.sensacionrural.es\/blog\/pueblos-encanto-malaga\/#2_Casares\" title=\"2. Casares\">2. Casares<\/a><\/li><li class='ez-toc-page-1 ez-toc-heading-level-3'><a class=\"ez-toc-link ez-toc-heading-4\" href=\"https:\/\/www.sensacionrural.es\/blog\/pueblos-encanto-malaga\/#3_Mijas\" title=\"3. Mijas\">3. Mijas<\/a><\/li><li class='ez-toc-page-1 ez-toc-heading-level-3'><a class=\"ez-toc-link ez-toc-heading-5\" href=\"https:\/\/www.sensacionrural.es\/blog\/pueblos-encanto-malaga\/#4_Benalauria\" title=\"4. Benalaur\u00eda\">4. Benalaur\u00eda<\/a><\/li><li class='ez-toc-page-1 ez-toc-heading-level-3'><a class=\"ez-toc-link ez-toc-heading-6\" href=\"https:\/\/www.sensacionrural.es\/blog\/pueblos-encanto-malaga\/#5_Sedella\" title=\"5. Sedella\">5. Sedella<\/a><\/li><li class='ez-toc-page-1 ez-toc-heading-level-3'><a class=\"ez-toc-link ez-toc-heading-7\" href=\"https:\/\/www.sensacionrural.es\/blog\/pueblos-encanto-malaga\/#6_Nerja\" title=\"6. Nerja\">6. Nerja<\/a><\/li><li class='ez-toc-page-1 ez-toc-heading-level-3'><a class=\"ez-toc-link ez-toc-heading-8\" href=\"https:\/\/www.sensacionrural.es\/blog\/pueblos-encanto-malaga\/#7_Yunquera\" title=\"7. Yunquera\">7. Yunquera<\/a><\/li><li class='ez-toc-page-1 ez-toc-heading-level-3'><a class=\"ez-toc-link ez-toc-heading-9\" href=\"https:\/\/www.sensacionrural.es\/blog\/pueblos-encanto-malaga\/#8_Ardales\" title=\"8. Ardales\">8. Ardales<\/a><\/li><li class='ez-toc-page-1 ez-toc-heading-level-3'><a class=\"ez-toc-link ez-toc-heading-10\" href=\"https:\/\/www.sensacionrural.es\/blog\/pueblos-encanto-malaga\/#9_Genalguacil\" title=\"9. Genalguacil\">9. Genalguacil<\/a><\/li><li class='ez-toc-page-1 ez-toc-heading-level-3'><a class=\"ez-toc-link ez-toc-heading-11\" href=\"https:\/\/www.sensacionrural.es\/blog\/pueblos-encanto-malaga\/#10_Juzcar\" title=\"10. J\u00fazcar\">10. J\u00fazcar<\/a><\/li><li class='ez-toc-page-1 ez-toc-heading-level-3'><a class=\"ez-toc-link ez-toc-heading-12\" href=\"https:\/\/www.sensacionrural.es\/blog\/pueblos-encanto-malaga\/#11_Canillas_de_Aceituno\" title=\"11. Canillas de Aceituno\">11. Canillas de Aceituno<\/a><\/li><li class='ez-toc-page-1 ez-toc-heading-level-3'><a class=\"ez-toc-link ez-toc-heading-13\" href=\"https:\/\/www.sensacionrural.es\/blog\/pueblos-encanto-malaga\/#12_Ojen\" title=\"12. Oj\u00e9n\">12. Oj\u00e9n<\/a><\/li><li class='ez-toc-page-1 ez-toc-heading-level-3'><a class=\"ez-toc-link ez-toc-heading-14\" href=\"https:\/\/www.sensacionrural.es\/blog\/pueblos-encanto-malaga\/#13_Casabermeja\" title=\"13. Casabermeja\">13. Casabermeja<\/a><\/li><li class='ez-toc-page-1 ez-toc-heading-level-3'><a class=\"ez-toc-link ez-toc-heading-15\" href=\"https:\/\/www.sensacionrural.es\/blog\/pueblos-encanto-malaga\/#14_Alora\" title=\"14. \u00c1lora\">14. \u00c1lora<\/a><\/li><li class='ez-toc-page-1 ez-toc-heading-level-3'><a class=\"ez-toc-link ez-toc-heading-16\" href=\"https:\/\/www.sensacionrural.es\/blog\/pueblos-encanto-malaga\/#15_Alpandeire\" title=\"15. Alpandeire\">15. Alpandeire<\/a><\/li><li class='ez-toc-page-1 ez-toc-heading-level-3'><a class=\"ez-toc-link ez-toc-heading-17\" href=\"https:\/\/www.sensacionrural.es\/blog\/pueblos-encanto-malaga\/#16_Archidona\" title=\"16. Archidona\">16. Archidona<\/a><\/li><li class='ez-toc-page-1 ez-toc-heading-level-3'><a class=\"ez-toc-link ez-toc-heading-18\" href=\"https:\/\/www.sensacionrural.es\/blog\/pueblos-encanto-malaga\/#17_Totalan\" title=\"17. Total\u00e1n\">17. Total\u00e1n<\/a><\/li><li class='ez-toc-page-1 ez-toc-heading-level-3'><a class=\"ez-toc-link ez-toc-heading-19\" href=\"https:\/\/www.sensacionrural.es\/blog\/pueblos-encanto-malaga\/#18_Canillas_de_Albaida\" title=\"18. Canillas de Albaida\">18. Canillas de Albaida<\/a><\/li><li class='ez-toc-page-1 ez-toc-heading-level-3'><a class=\"ez-toc-link ez-toc-heading-20\" href=\"https:\/\/www.sensacionrural.es\/blog\/pueblos-encanto-malaga\/#19_Benaojan\" title=\"19. Benaoj\u00e1n\">19. Benaoj\u00e1n<\/a><\/li><li class='ez-toc-page-1 ez-toc-heading-level-3'><a class=\"ez-toc-link ez-toc-heading-21\" href=\"https:\/\/www.sensacionrural.es\/blog\/pueblos-encanto-malaga\/#20_El_Borge\" title=\"20. El Borge\">20. El Borge<\/a><\/li><\/ul><\/li><li class='ez-toc-page-1 ez-toc-heading-level-2'><a class=\"ez-toc-link ez-toc-heading-22\" href=\"https:\/\/www.sensacionrural.es\/blog\/pueblos-encanto-malaga\/#Mapa_con_los_pueblos_con_mas_encanto_de_Malaga\" title=\"Mapa con los pueblos con m\u00e1s encanto de M\u00e1laga\">Mapa con los pueblos con m\u00e1s encanto de M\u00e1laga<\/a><\/li><\/ul><\/nav><\/div>\n<h2><span class=\"ez-toc-section\" id=\"Descubre_algunos_de_los_Pueblos_mas_Bonitos_de_Malaga\"><\/span>Descubre algunos de los Pueblos m\u00e1s Bonitos de M\u00e1laga<span class=\"ez-toc-section-end\"><\/span><\/h2>\n<p style=\"text-align: center;\"><a href=\"https:\/\/www.sensacionrural.es\/blog\/wp-content\/uploads\/2018\/04\/pueblos-bonitos-malaga.jpg\" data-rel=\"penci-gallery-image-content\"  rel=\"attachment wp-att-9778\"><img decoding=\"async\" class=\"aligncenter size-full wp-image-9778\" src=\"https:\/\/www.sensacionrural.es\/blog\/wp-content\/uploads\/2018\/04\/pueblos-bonitos-malaga.jpg\" alt=\"pueblos bonitos malaga\" width=\"800\" height=\"533\" srcset=\"https:\/\/www.sensacionrural.es\/blog\/wp-content\/uploads\/2018\/04\/pueblos-bonitos-malaga.jpg 800w, https:\/\/www.sensacionrural.es\/blog\/wp-content\/uploads\/2018\/04\/pueblos-bonitos-malaga-300x200.jpg 300w, https:\/\/www.sensacionrural.es\/blog\/wp-content\/uploads\/2018\/04\/pueblos-bonitos-malaga-768x512.jpg 768w, https:\/\/www.sensacionrural.es\/blog\/wp-content\/uploads\/2018\/04\/pueblos-bonitos-malaga-600x400.jpg 600w\" sizes=\"(max-width: 800px) 100vw, 800px\" \/><\/a><\/p>\n<p style=\"text-align: center;\">Stijn Nieuwendijk<\/p>\n<p>Al leer este art\u00edculo, es probable que eches en falta algunas localidades como Ronda o Antequera. Ambas localidades son preciosas y os recomendamos que las descubr\u00e1is, pero no son pueblos, son ciudades peque\u00f1as. Si no fuera as\u00ed, \u00a1a buen seguro que las incluir\u00edamos en este listado de pueblos de M\u00e1laga!<\/p>\n<p>Sin m\u00e1s pre\u00e1mbulos, os ense\u00f1amos <strong>20<\/strong> <strong>de los pueblos con m\u00e1s encanto que visitar la provincia de M\u00e1laga<\/strong>. S\u00ed, seguro que nos hemos quedado cortos en esta lista, \u00bfcu\u00e1les m\u00e1s incluir\u00edas?<\/p>\n<h3><span class=\"ez-toc-section\" id=\"1_Frigiliana\"><\/span>1. Frigiliana<span class=\"ez-toc-section-end\"><\/span><\/h3>\n<p>Si tenemos que pensar en los pueblos m\u00e1s bonitos de M\u00e1laga, queda claro que <strong>Frigiliana<\/strong> tiene que aparecer en la lista, s\u00ed o s\u00ed. De hecho, est\u00e1 <a href=\"https:\/\/www.sensacionrural.es\/blog\/los-pueblos-mas-bonitos-de-espana\/\">dentro de los pueblos m\u00e1s bonitos de Espa\u00f1a<\/a>. Situado a los pies del Parque Natural de de las Sierra de Tejeda, Almijara y Alhama, Frigiliana destaca por sus sinuosas y estrechas calles de su casco hist\u00f3rico, con pasadizos y aldarves, lo que le ha valido para ser reconocido.<\/p>\n<p style=\"text-align: center;\"><a href=\"https:\/\/www.sensacionrural.es\/blog\/wp-content\/uploads\/2018\/04\/frigiliana.jpg\" data-rel=\"penci-gallery-image-content\"  rel=\"attachment wp-att-9779\"><img decoding=\"async\" class=\"aligncenter size-full wp-image-9779\" src=\"https:\/\/www.sensacionrural.es\/blog\/wp-content\/uploads\/2018\/04\/frigiliana.jpg\" alt=\"frigiliana\" width=\"640\" height=\"427\" srcset=\"https:\/\/www.sensacionrural.es\/blog\/wp-content\/uploads\/2018\/04\/frigiliana.jpg 640w, https:\/\/www.sensacionrural.es\/blog\/wp-content\/uploads\/2018\/04\/frigiliana-300x200.jpg 300w, https:\/\/www.sensacionrural.es\/blog\/wp-content\/uploads\/2018\/04\/frigiliana-600x400.jpg 600w\" sizes=\"(max-width: 640px) 100vw, 640px\" \/><\/a><\/p>\n<p style=\"text-align: center;\">Ken Yamaguchi<\/p>\n<p>Paseando por el casco hist\u00f3rico, podemos pr\u00e1cticamente volver atr\u00e1s en el tiempo, puesto que su entramado de origen \u00e1rabe se ha mantenido intacto. Dentro de los lugares de inter\u00e9s que podemos visitar en Frigiliana, podemos encontrar el Palacio de los Condes de Frigiliana, del siglo XVI y que aun hoy en d\u00eda es una f\u00e1brica de miel de ca\u00f1a, adem\u00e1s de la Iglesia de San Antonio, del siglo XVII o el Palacio del Apero.<\/p>\n<h3><span class=\"ez-toc-section\" id=\"2_Casares\"><\/span>2. Casares<span class=\"ez-toc-section-end\"><\/span><\/h3>\n<p><strong>Casares<\/strong> es uno de los pueblos m\u00e1s hermosos de M\u00e1laga, con sus casas blancas sobre una ladera, y dominada por su iglesia y los restos de su fortaleza, dibujando una imagen de postal. Se encuentra ubicado al Oeste de la provincia, junto con la provincia de C\u00e1diz y es una de las mejores muestras de lo que representa el t\u00edpico pueblo blanco del sur de Andaluc\u00eda: casas encaladas, calles estrechas y muy empinadas y un encanto muy especial. \u00bfA qu\u00e9 esperas para visitar Casares?<\/p>\n<p style=\"text-align: center;\"><a href=\"https:\/\/www.sensacionrural.es\/blog\/wp-content\/uploads\/2018\/04\/casares.jpg\" data-rel=\"penci-gallery-image-content\"  rel=\"attachment wp-att-9780\"><img loading=\"lazy\" decoding=\"async\" class=\"aligncenter size-full wp-image-9780\" src=\"https:\/\/www.sensacionrural.es\/blog\/wp-content\/uploads\/2018\/04\/casares.jpg\" alt=\"casares\" width=\"640\" height=\"480\" srcset=\"https:\/\/www.sensacionrural.es\/blog\/wp-content\/uploads\/2018\/04\/casares.jpg 640w, https:\/\/www.sensacionrural.es\/blog\/wp-content\/uploads\/2018\/04\/casares-300x225.jpg 300w, https:\/\/www.sensacionrural.es\/blog\/wp-content\/uploads\/2018\/04\/casares-600x450.jpg 600w\" sizes=\"(max-width: 640px) 100vw, 640px\" \/><\/a><\/p>\n<p style=\"text-align: center;\">Cycling Man<\/p>\n<p>Desde la antigua fortaleza de Casares tienes unas vistas espectaculares que van desde la Serran\u00eda de Ronda hasta la Bah\u00eda de Algeciras. En su entorno, puedes visitar los espectaculares Ba\u00f1os romanos de la Hedionda. Dentro de Casares, tiene la posibilidad de visitar la Gilesia de la Encarnaci\u00f3n, de finales del siglo XVI, as\u00ed como la Fuente de Carlos III o la Casa Natal de Blas Infante.<\/p>\n<h3><span class=\"ez-toc-section\" id=\"3_Mijas\"><\/span>3. Mijas<span class=\"ez-toc-section-end\"><\/span><\/h3>\n<p><strong>Mijas Pueblo<\/strong> es un lugar encantador de M\u00e1laga y que deb\u00e9is conocer. Se encuentra a unos 8 Km. de la Costa del Sol, en plena Serran\u00eda de Mijas, ofreciendo unas vistas espectaculares. \u00a1Podr\u00e1s ver hasta el mar! Adem\u00e1s, puedes pasear por sus estrechas calles, llenas de peque\u00f1os rincones de una gran belleza y por sus jardines. En definitiva, Mijas es un pueblo precioso a la vista, \u00a1pero tambi\u00e9n al olfato!<\/p>\n<p style=\"text-align: center;\"><a href=\"https:\/\/www.sensacionrural.es\/blog\/wp-content\/uploads\/2018\/04\/mijas.jpg\" data-rel=\"penci-gallery-image-content\"  rel=\"attachment wp-att-9781\"><img loading=\"lazy\" decoding=\"async\" class=\"aligncenter size-full wp-image-9781\" src=\"https:\/\/www.sensacionrural.es\/blog\/wp-content\/uploads\/2018\/04\/mijas.jpg\" alt=\"mijas\" width=\"640\" height=\"360\" srcset=\"https:\/\/www.sensacionrural.es\/blog\/wp-content\/uploads\/2018\/04\/mijas.jpg 640w, https:\/\/www.sensacionrural.es\/blog\/wp-content\/uploads\/2018\/04\/mijas-300x169.jpg 300w, https:\/\/www.sensacionrural.es\/blog\/wp-content\/uploads\/2018\/04\/mijas-600x338.jpg 600w\" sizes=\"(max-width: 640px) 100vw, 640px\" \/><\/a><\/p>\n<p style=\"text-align: center;\">Martin Crothall<\/p>\n<p>Mijas destaca por sus casas blancas y las macetas de color azul que aderezan todo el pueblo. Entre \u00a0los monumentos de inter\u00e9s de Mijas Pueblo \u00a0que nos podemos encontrar a nuestro paso est\u00e1n la iglesia de San Sebasti\u00e1n, del siglo XVII, la Parroquia de la Inmaculada Concepci\u00f3n, la Ermita de la Virgen de la Pe\u00f1a o las incre\u00edbles cuevas de la Antigua Fragua.<\/p>\n<h3><span class=\"ez-toc-section\" id=\"4_Benalauria\"><\/span>4. Benalaur\u00eda<span class=\"ez-toc-section-end\"><\/span><\/h3>\n<p>Dentro de la Comarca de la Serran\u00eda de Ronda, podemos encontrar parajes naturales realmente sorprendentes, donde adem\u00e1s se sit\u00faan pueblos, con un encanto muy especial. Sirva como ejemplo el Valle de Genal, el cual se caracteriza por sus bosques de casta\u00f1os, alcornoques y encinas y que adquieren un bello paisaje en los meses de oto\u00f1o. Dentro de este valle, podemos descubrir diferentes pueblos pintorescos y de un blanco impoluto, como es el caso de Benalaur\u00eda.<\/p>\n<p style=\"text-align: center;\"><a href=\"https:\/\/www.sensacionrural.es\/blog\/wp-content\/uploads\/2018\/04\/pueblo-malaga-benalauria.jpg\" data-rel=\"penci-gallery-image-content\" ><img loading=\"lazy\" decoding=\"async\" class=\"aligncenter size-full wp-image-14110\" src=\"https:\/\/www.sensacionrural.es\/blog\/wp-content\/uploads\/2018\/04\/pueblo-malaga-benalauria.jpg\" alt=\"pueblo malaga benalauria\" width=\"640\" height=\"427\" srcset=\"https:\/\/www.sensacionrural.es\/blog\/wp-content\/uploads\/2018\/04\/pueblo-malaga-benalauria.jpg 640w, https:\/\/www.sensacionrural.es\/blog\/wp-content\/uploads\/2018\/04\/pueblo-malaga-benalauria-300x200.jpg 300w, https:\/\/www.sensacionrural.es\/blog\/wp-content\/uploads\/2018\/04\/pueblo-malaga-benalauria-600x400.jpg 600w\" sizes=\"(max-width: 640px) 100vw, 640px\" \/><\/a><\/p>\n<p style=\"text-align: center;\">Dani Guitarra<\/p>\n<p>Ya a lo lejos, podemos ver como Benalaur\u00eda destaca por su estampa, al quedar perfectamente encajonada en el Valle de Genal, \u00a1como si de un cuadro se tratara! Benalaur\u00eda aun respira el ambiente bereber de sus antepasados, con sus calles empinadas. Adem\u00e1s, puedes visitar diferentes lugares de gran inter\u00e9s, como la Iglesia de Santo Domingo de Guzm\u00e1n, del siglo XVI, as\u00ed como el Centro de Interpretaci\u00f3n de la Casa de Moros y Cristianos, o el Columbario Romano del Cortijo del Moro, un yacimiento arqueol\u00f3gico del siglo I y que a\u00fan conservan los restos de una peque\u00f1a villa agr\u00edcola.<\/p>\n<h3><span class=\"ez-toc-section\" id=\"5_Sedella\"><\/span>5. Sedella<span class=\"ez-toc-section-end\"><\/span><\/h3>\n<p><strong>Sedella<\/strong> es un precioso pueblo de M\u00e1laga que linda con la frontera con Granada. Dentro del Parque Natural de las Sierras de Tejeda, Almijara y Alhama, se trata de un pueblo de origen \u00e1rabe que se encuentra enclavado en un entorno natural inmejorable, algo que, junto a su cuidada conservaci\u00f3n, le hace ser un pueblo \u00fanico para ver en la provincia malague\u00f1a.<\/p>\n<p style=\"text-align: center;\"><a href=\"https:\/\/www.sensacionrural.es\/blog\/wp-content\/uploads\/2018\/04\/sedella.jpg\" data-rel=\"penci-gallery-image-content\"  rel=\"attachment wp-att-9782\"><img loading=\"lazy\" decoding=\"async\" class=\"aligncenter size-full wp-image-9782\" src=\"https:\/\/www.sensacionrural.es\/blog\/wp-content\/uploads\/2018\/04\/sedella.jpg\" alt=\"sedella\" width=\"640\" height=\"477\" srcset=\"https:\/\/www.sensacionrural.es\/blog\/wp-content\/uploads\/2018\/04\/sedella.jpg 640w, https:\/\/www.sensacionrural.es\/blog\/wp-content\/uploads\/2018\/04\/sedella-300x224.jpg 300w, https:\/\/www.sensacionrural.es\/blog\/wp-content\/uploads\/2018\/04\/sedella-600x447.jpg 600w\" sizes=\"(max-width: 640px) 100vw, 640px\" \/><\/a><\/p>\n<p style=\"text-align: center;\">Rufus46<\/p>\n<p>Dentro de los diferentes lugares de inter\u00e9s que podemos visitar dentro de Sedella, podemos encontrar la Casa Torre\u00f3n, un edificio espectacular de estilo mud\u00e9jar y con columnas renacentistas. DE igual manera, se puede visitar la Iglesia Parroquial de San Andr\u00e9s, del siglo XVI, su Puente Romano o los diferentes lavaderos que nos encontramos en sus calles.<\/p>\n<h3><span class=\"ez-toc-section\" id=\"6_Nerja\"><\/span>6. Nerja<span class=\"ez-toc-section-end\"><\/span><\/h3>\n<p>Todos aquellos que hayan visto una vez -como m\u00ednimo- Verano Azul se habr\u00e1n preguntado d\u00f3nde se rod\u00f3 esta m\u00edtica serie espa\u00f1ola de los a\u00f1os 80. Pues bien, fue rodada en <strong>Nerja<\/strong>, uno de los pueblos costeros m\u00e1s bonitos de M\u00e1laga, por no decir de toda Espa\u00f1a. Las propias vistas de la localidad que puedes divisar desde el Balc\u00f3n de Europa, junto a sus playas y acantilados, dan buena fe de ello.<\/p>\n<p style=\"text-align: center;\"><a href=\"https:\/\/www.sensacionrural.es\/blog\/wp-content\/uploads\/2018\/04\/nerja.jpg\" data-rel=\"penci-gallery-image-content\"  rel=\"attachment wp-att-9783\"><img loading=\"lazy\" decoding=\"async\" class=\"aligncenter size-full wp-image-9783\" src=\"https:\/\/www.sensacionrural.es\/blog\/wp-content\/uploads\/2018\/04\/nerja.jpg\" alt=\"nerja\" width=\"640\" height=\"321\" srcset=\"https:\/\/www.sensacionrural.es\/blog\/wp-content\/uploads\/2018\/04\/nerja.jpg 640w, https:\/\/www.sensacionrural.es\/blog\/wp-content\/uploads\/2018\/04\/nerja-300x150.jpg 300w, https:\/\/www.sensacionrural.es\/blog\/wp-content\/uploads\/2018\/04\/nerja-600x301.jpg 600w\" sizes=\"(max-width: 640px) 100vw, 640px\" \/><\/a><\/p>\n<p style=\"text-align: center;\">Robert Pittman<\/p>\n<p>Si nos centramos en el pueblo de Nerja, se puede destacar su casco antiguo, con sus casas blancas tradicionales. Entre los monumentos m\u00e1s destacados de Nerja, pod\u00e9is encontrar la r\u00e9plica del barco de Chanquete, como no pod\u00eda ser de otra manera, as\u00ed como la Iglesia de San Salvador, de estilo barroco y la famosa Cueva de Nerja, declarada Monumento Hist\u00f3rico-Art\u00edstico en 1961.<\/p>\n<h3><span class=\"ez-toc-section\" id=\"7_Yunquera\"><\/span>7. Yunquera<span class=\"ez-toc-section-end\"><\/span><\/h3>\n<p><strong>Yunquera<\/strong> es una preciosa localidad malague\u00f1a que se encuentra dentro del Parque Natural de la Sierra de las Nieves. Un bonito pueblo de trazado medieval \u00a0de origen romano que te sorprender\u00e1 por su entorno y por los numerosos monumentos que podr\u00e1s encontrar paseando por sus estrechas y sinuosas calles.<\/p>\n<p style=\"text-align: center;\"><a href=\"https:\/\/www.sensacionrural.es\/blog\/wp-content\/uploads\/2018\/04\/yunquera.jpg\" data-rel=\"penci-gallery-image-content\"  rel=\"attachment wp-att-9784\"><img loading=\"lazy\" decoding=\"async\" class=\"aligncenter size-full wp-image-9784\" src=\"https:\/\/www.sensacionrural.es\/blog\/wp-content\/uploads\/2018\/04\/yunquera.jpg\" alt=\"yunquera\" width=\"640\" height=\"480\" srcset=\"https:\/\/www.sensacionrural.es\/blog\/wp-content\/uploads\/2018\/04\/yunquera.jpg 640w, https:\/\/www.sensacionrural.es\/blog\/wp-content\/uploads\/2018\/04\/yunquera-300x225.jpg 300w, https:\/\/www.sensacionrural.es\/blog\/wp-content\/uploads\/2018\/04\/yunquera-600x450.jpg 600w\" sizes=\"(max-width: 640px) 100vw, 640px\" \/><\/a><\/p>\n<p style=\"text-align: center;\">Aitor Moreno Mart\u00ednez<\/p>\n<p>Entre los lugares que debes visitar en Yunquera se encuentra la Iglesia de Nuestra Se\u00f1ora de la Encarnaci\u00f3n, conocida como la Catedral de la Serran\u00eda, del siglo XVI., al igual que la Torre Vig\u00eda de principios del siglo XIX, declarada Bien de Inter\u00e9s Cultural o la Ermita de la Cruz del Pobre, del siglo XIX.<\/p>\n<h3><span class=\"ez-toc-section\" id=\"8_Ardales\"><\/span>8. Ardales<span class=\"ez-toc-section-end\"><\/span><\/h3>\n<p>Si hablamos de los principales atractivos que puedes encontrar en la provincia de M\u00e1laga, es m\u00e1s que probable que el primero que te venga a la mente sea el Caminito del Rey. No es de extra\u00f1ar, puesto que es uno de los itinerarios m\u00e1s impactantes de todo nuestro pa\u00eds, caracterizado por sus pasarelas. Por cierto, <a href=\"https:\/\/www.sensacionrural.es\/blog\/preguntas-caminito-del-rey\/\">aqu\u00ed os hablamos sobre el Caminito del Rey<\/a>. Sin embargo, ser\u00eda muy injusto no mencionar otros atractivos de los municipios en los que se encuentra el Caminito y que merece la pena ser reconocidos, como es el caso de Ardales.<\/p>\n<p style=\"text-align: center;\"><a href=\"https:\/\/www.sensacionrural.es\/blog\/wp-content\/uploads\/2018\/04\/ardales-malaga.jpg\" data-rel=\"penci-gallery-image-content\" ><img loading=\"lazy\" decoding=\"async\" class=\"aligncenter size-full wp-image-14109\" src=\"https:\/\/www.sensacionrural.es\/blog\/wp-content\/uploads\/2018\/04\/ardales-malaga.jpg\" alt=\"ardales malaga\" width=\"640\" height=\"425\" srcset=\"https:\/\/www.sensacionrural.es\/blog\/wp-content\/uploads\/2018\/04\/ardales-malaga.jpg 640w, https:\/\/www.sensacionrural.es\/blog\/wp-content\/uploads\/2018\/04\/ardales-malaga-300x199.jpg 300w, https:\/\/www.sensacionrural.es\/blog\/wp-content\/uploads\/2018\/04\/ardales-malaga-600x398.jpg 600w\" sizes=\"(max-width: 640px) 100vw, 640px\" \/><\/a><\/p>\n<p style=\"text-align: center;\">Jos\u00e9 F. Mart\u00ednez Rivero<\/p>\n<p>Situado en las estribaciones de la Sierra de las Nieves, Ardales contiene un impresionante patrimonio hist\u00f3rico, como lo demuestran las cuevas de Do\u00f1a Trinidad o el poblado rupestre de Bobastro. Dentro de la propia localidad, sorprende la distribuci\u00f3n de sus casas blancas, en torno a una pe\u00f1a. Paseando por sus calles, podemos encontrar diferentes lugares de inter\u00e9s, como la Iglesia de Nuestra Se\u00f1ora de los Remedios o el Convento de los Capuchinos.<\/p>\n<h3><span class=\"ez-toc-section\" id=\"9_Genalguacil\"><\/span>9. Genalguacil<span class=\"ez-toc-section-end\"><\/span><\/h3>\n<p><strong>Genalguacil <\/strong>es m\u00e1s com\u00fanmente conocido como el Pueblo Museo, gracias al gran n\u00famero de obras de arte que podemos encontrar en sus calles, realizadas en Encuentros de Artistas cada dos a\u00f1os y que dejan de manera permanente en el pueblo. Situado en pleno Valle del Genal, la localidad de calles estrechas y empinadas muestra al turista rincones con mucho encanto a lo largo de una agradable visita.<\/p>\n<p style=\"text-align: center;\"><a href=\"https:\/\/www.sensacionrural.es\/blog\/wp-content\/uploads\/2018\/04\/genalguacil.jpg\" data-rel=\"penci-gallery-image-content\"  rel=\"attachment wp-att-9785\"><img loading=\"lazy\" decoding=\"async\" class=\"aligncenter size-full wp-image-9785\" src=\"https:\/\/www.sensacionrural.es\/blog\/wp-content\/uploads\/2018\/04\/genalguacil.jpg\" alt=\"genalguacil\" width=\"640\" height=\"480\" srcset=\"https:\/\/www.sensacionrural.es\/blog\/wp-content\/uploads\/2018\/04\/genalguacil.jpg 640w, https:\/\/www.sensacionrural.es\/blog\/wp-content\/uploads\/2018\/04\/genalguacil-300x225.jpg 300w, https:\/\/www.sensacionrural.es\/blog\/wp-content\/uploads\/2018\/04\/genalguacil-600x450.jpg 600w\" sizes=\"(max-width: 640px) 100vw, 640px\" \/><\/a><\/p>\n<p style=\"text-align: center;\">Daniel Sancho<\/p>\n<p>Si te apasiona el arte, Genalguacil es un destino que debes conocer, puesto que puedes visitar el Museo de Arte Contempor\u00e1neo Fernando Centeno y las numerosas obras de arte que te encuentras por la calle. De igual manera, si eres un apasionado de la bot\u00e1nica, tambi\u00e9n debes de tener muy en cuenta este pueblo, gracias al paisaje que podemos observar en su entorno, donde destacan\u00a0 casta\u00f1os, pinsapos o alcornoques.<\/p>\n<h3><span class=\"ez-toc-section\" id=\"10_Juzcar\"><\/span>10. J\u00fazcar<span class=\"ez-toc-section-end\"><\/span><\/h3>\n<p>Sin lugar a dudas, <strong>J\u00fazcar<\/strong> es un pueblo diferente. Situado en plena Serran\u00eda de Ronda, ahora es uno de los pueblos m\u00e1s reconocidos de M\u00e1laga, gracias a la pel\u00edcula de los Pitufos. As\u00ed, durante el rodaje de Pitufos 3D, se pint\u00f3 todo el pueblo de azul, hace ya 7 a\u00f1os. Sony, la productora, se comprometi\u00f3 a repintar el pueblo de blanco una vez finalizara la promoci\u00f3n. Sin embargo, el atractivo tur\u00edstico que le concedi\u00f3 pes\u00f3 m\u00e1s y se ha quedado como \u201cel pueblo pitufo\u201d.<\/p>\n<p style=\"text-align: center;\"><a href=\"https:\/\/www.sensacionrural.es\/blog\/wp-content\/uploads\/2018\/04\/juzcar.jpg\" data-rel=\"penci-gallery-image-content\"  rel=\"attachment wp-att-9786\"><img loading=\"lazy\" decoding=\"async\" class=\"aligncenter size-full wp-image-9786\" src=\"https:\/\/www.sensacionrural.es\/blog\/wp-content\/uploads\/2018\/04\/juzcar.jpg\" alt=\"juzcar\" width=\"640\" height=\"360\" srcset=\"https:\/\/www.sensacionrural.es\/blog\/wp-content\/uploads\/2018\/04\/juzcar.jpg 640w, https:\/\/www.sensacionrural.es\/blog\/wp-content\/uploads\/2018\/04\/juzcar-300x169.jpg 300w, https:\/\/www.sensacionrural.es\/blog\/wp-content\/uploads\/2018\/04\/juzcar-600x338.jpg 600w\" sizes=\"(max-width: 640px) 100vw, 640px\" \/><\/a><\/p>\n<p style=\"text-align: center;\">Ram\u00f3n Ojeda<\/p>\n<p>Sin lugar a dudas, J\u00fazcar es un pueblo perfecto para visitar con ni\u00f1os, puesto que se lo pasar\u00e1n en grande. Tanto los parques, como los propios establecimientos, hacen referencia a los pitufos. Entre los lugares de inter\u00e9s, podemos encontrar la Iglesia de Santa Catalina de Siena o el Museo micol\u00f3gico.<\/p>\n<h3><span class=\"ez-toc-section\" id=\"11_Canillas_de_Aceituno\"><\/span>11. Canillas de Aceituno<span class=\"ez-toc-section-end\"><\/span><\/h3>\n<p><strong>Canillas de Aceituno<\/strong> se ubica en un entorno inmejorable. A los pies de la Sierra de Tejeda y con el pico La Maroma como tel\u00f3n de fondo, la localidad se encuentra rodeada de diferentes plantaciones como olivares, vi\u00f1edos o almendros. Canillas de Aceituno es, por m\u00e9ritos propios, uno de los pueblos con m\u00e1s encanto de M\u00e1laga. No solo por el estado de conservaci\u00f3n de sus casas, que denotan su pasado \u00e1rabe, sino por la decoraci\u00f3n floral que inunda las calles.<\/p>\n<p style=\"text-align: center;\"><a href=\"https:\/\/www.sensacionrural.es\/blog\/wp-content\/uploads\/2018\/04\/canillas-aceituno.jpg\" data-rel=\"penci-gallery-image-content\"  rel=\"attachment wp-att-9787\"><img loading=\"lazy\" decoding=\"async\" class=\"aligncenter size-full wp-image-9787\" src=\"https:\/\/www.sensacionrural.es\/blog\/wp-content\/uploads\/2018\/04\/canillas-aceituno.jpg\" alt=\"canillas aceituno\" width=\"640\" height=\"480\" srcset=\"https:\/\/www.sensacionrural.es\/blog\/wp-content\/uploads\/2018\/04\/canillas-aceituno.jpg 640w, https:\/\/www.sensacionrural.es\/blog\/wp-content\/uploads\/2018\/04\/canillas-aceituno-300x225.jpg 300w, https:\/\/www.sensacionrural.es\/blog\/wp-content\/uploads\/2018\/04\/canillas-aceituno-600x450.jpg 600w\" sizes=\"(max-width: 640px) 100vw, 640px\" \/><\/a><\/p>\n<p style=\"text-align: center;\">J\u00f8rgen Carstensen<\/p>\n<p>Un pueblo que tienes que visitar si realizas la Ruta Mud\u00e9jar por la provincia de M\u00e1laga. Paseando por sus calles, podr\u00e1s encontrar diferentes aljibes \u00e1rabes, as\u00ed como los restos de la fortaleza musulmana. Entre los lugares de inter\u00e9s que podemos ver en Canillas de Aceituno se encuentra la casa esgrafiada del siglo XVI, la Iglesia Parroquial de Nuestra Se\u00f1ora del Rosario y San Le\u00f3n del siglo XVI, as\u00ed como al Casa de los Diezmos.<\/p>\n<h3><span class=\"ez-toc-section\" id=\"12_Ojen\"><\/span>12. Oj\u00e9n<span class=\"ez-toc-section-end\"><\/span><\/h3>\n<p><strong>Oj\u00e9n<\/strong> es un t\u00edpico pueblo de monta\u00f1a, pero cuenta con un clima costero ya que se encuentran muy cerca del mar. Rodeado por las Sierras Blanca y Alpujata, donde destaca el bosque mediterr\u00e1neo, esta localidad se ha adaptado a la orograf\u00eda de la zona de manera perfecta. Un pueblo que tienes que visitar s\u00ed o s\u00ed, adem\u00e1s de su esplendoroso entorno natural.<\/p>\n<p style=\"text-align: center;\"><a href=\"https:\/\/www.sensacionrural.es\/blog\/wp-content\/uploads\/2018\/04\/ojen.jpg\" data-rel=\"penci-gallery-image-content\"  rel=\"attachment wp-att-9788\"><img loading=\"lazy\" decoding=\"async\" class=\"aligncenter size-full wp-image-9788\" src=\"https:\/\/www.sensacionrural.es\/blog\/wp-content\/uploads\/2018\/04\/ojen.jpg\" alt=\"ojen\" width=\"640\" height=\"427\" srcset=\"https:\/\/www.sensacionrural.es\/blog\/wp-content\/uploads\/2018\/04\/ojen.jpg 640w, https:\/\/www.sensacionrural.es\/blog\/wp-content\/uploads\/2018\/04\/ojen-300x200.jpg 300w, https:\/\/www.sensacionrural.es\/blog\/wp-content\/uploads\/2018\/04\/ojen-600x400.jpg 600w\" sizes=\"(max-width: 640px) 100vw, 640px\" \/><\/a><\/p>\n<p style=\"text-align: center;\">Lala Moreno Grellmann<\/p>\n<p>Dentro de Oj\u00e9n, puedes visitar el casco antiguo, donde se resalta la Iglesia de Nuestra Seora de la Encarnaci\u00f3n, en la plaza principal de la localidad, construida a principios del siglo XVI, de estilo mud\u00e9jar. Adem\u00e1s, puedes acceder al Museo del Molino de Aceite y ver c\u00f3mo se extra\u00eda de forma artesanal hace siglos o el Museo de Aguardiente, la bebida por la que se conoce este pueblo malague\u00f1o.<\/p>\n<h3><span class=\"ez-toc-section\" id=\"13_Casabermeja\"><\/span>13. Casabermeja<span class=\"ez-toc-section-end\"><\/span><\/h3>\n<p>En los Montes de M\u00e1laga, en la Comarca de Antequera, podemos realizar una preciosa ruta, recorriendo alguno de los preciosos pueblos de la zona. Si decid\u00eds hacerlo, una de las paradas obligatorias tiene que ser Casabermeja, muy cerca de la propia ciudad de M\u00e1laga. A lo lejos, en la ladera de la monta\u00f1a, Casabermeja sorprende al visitante, mediante diferentes niveles de calles, donde sus casas y edificios se asientan, donde sobresale la torre de la iglesia.<\/p>\n<p style=\"text-align: center;\"><a href=\"https:\/\/www.sensacionrural.es\/blog\/wp-content\/uploads\/2018\/04\/pueblo-de-malaga-casabermeja.jpg\" data-rel=\"penci-gallery-image-content\" ><img loading=\"lazy\" decoding=\"async\" class=\"aligncenter size-full wp-image-14108\" src=\"https:\/\/www.sensacionrural.es\/blog\/wp-content\/uploads\/2018\/04\/pueblo-de-malaga-casabermeja.jpg\" alt=\"pueblo de malaga casabermeja\" width=\"640\" height=\"480\" srcset=\"https:\/\/www.sensacionrural.es\/blog\/wp-content\/uploads\/2018\/04\/pueblo-de-malaga-casabermeja.jpg 640w, https:\/\/www.sensacionrural.es\/blog\/wp-content\/uploads\/2018\/04\/pueblo-de-malaga-casabermeja-300x225.jpg 300w, https:\/\/www.sensacionrural.es\/blog\/wp-content\/uploads\/2018\/04\/pueblo-de-malaga-casabermeja-600x450.jpg 600w\" sizes=\"(max-width: 640px) 100vw, 640px\" \/><\/a><\/p>\n<p style=\"text-align: center;\">Bermejo1550<\/p>\n<p>Precisamente, la iglesia de Casabermeja es uno de sus lugares de mayor inter\u00e9s. Se trata de la Iglesia de Nuestra Se\u00f1ora del Socorro, del siglo XVI. Tambi\u00e9n sobresale su cementerio, totalmente independiente de la localidad y que destaca por sus calles y plazas, hasta el punto de ser declarado Monumento Nacional.<\/p>\n<h3><span class=\"ez-toc-section\" id=\"14_Alora\"><\/span>14. \u00c1lora<span class=\"ez-toc-section-end\"><\/span><\/h3>\n<p><strong>\u00c1lora<\/strong> es una localidad que se sit\u00faa en el Valle de Guadalhorce, muy cerca de uno de los mayores atractivos tur\u00edsticos de M\u00e1laga: el Caminito del Rey. \u00c1lora es, adem\u00e1s de una preciosa localidad, un punto perfecto para el turista que quiera disfrutar no solo del mencionado Caminito, sino tambi\u00e9n de otros parajes naturales de gran belleza como el propio Valle del Guadalhorce o el Desfiladero de los Gaitanes. Eso s\u00ed, cabe remarcar que el interior del pueblo, con su castillo en lo alto del cerro, te dejar\u00e1 con la boca abierta.<\/p>\n<p style=\"text-align: center;\"><a href=\"https:\/\/www.sensacionrural.es\/blog\/wp-content\/uploads\/2018\/04\/alora.jpg\" data-rel=\"penci-gallery-image-content\"  rel=\"attachment wp-att-9790\"><img loading=\"lazy\" decoding=\"async\" class=\"aligncenter size-full wp-image-9790\" src=\"https:\/\/www.sensacionrural.es\/blog\/wp-content\/uploads\/2018\/04\/alora.jpg\" alt=\"alora\" width=\"640\" height=\"425\" srcset=\"https:\/\/www.sensacionrural.es\/blog\/wp-content\/uploads\/2018\/04\/alora.jpg 640w, https:\/\/www.sensacionrural.es\/blog\/wp-content\/uploads\/2018\/04\/alora-300x199.jpg 300w, https:\/\/www.sensacionrural.es\/blog\/wp-content\/uploads\/2018\/04\/alora-600x398.jpg 600w\" sizes=\"(max-width: 640px) 100vw, 640px\" \/><\/a><\/p>\n<p style=\"text-align: center;\">Dorte<\/p>\n<p>Los monumentos que puedes visitar en \u00c1lora son muy variados comenzando, como no, por el castillo \u00e1rabe, declarado monumento nacional en 1931. Tambi\u00e9n puedes visita la Iglesia Parroquial de Nuestra Se\u00f1ora de la Encarnaci\u00f3n, del siglo XVII, el Museo de \u00c1lora o la Iglesia del Convento de Nuestra Se\u00f1ora de Flores, del siglo XVI.<\/p>\n<h3><span class=\"ez-toc-section\" id=\"15_Alpandeire\"><\/span>15. Alpandeire<span class=\"ez-toc-section-end\"><\/span><\/h3>\n<p><strong>Alpandeire <\/strong>es un bello y peque\u00f1o pueblo de la provincia de M\u00e1laga, m\u00e1s concretamente de la Serran\u00eda de Ronda. Una localidad que destaca por su ubicaci\u00f3n y por sus calles empinadas, adem\u00e1s de sus casas encaladas de origen \u00e1rabe. En su entorno, podemos divisar diferentes yacimientos arqueol\u00f3gicos, la cascada de agua del Chorrer\u00f3n o los tajos del Canalizo y del Infiernillo.<\/p>\n<p style=\"text-align: center;\"><a href=\"https:\/\/www.sensacionrural.es\/blog\/wp-content\/uploads\/2018\/04\/alpandeire.jpg\" data-rel=\"penci-gallery-image-content\"  rel=\"attachment wp-att-9791\"><img loading=\"lazy\" decoding=\"async\" class=\"aligncenter size-full wp-image-9791\" src=\"https:\/\/www.sensacionrural.es\/blog\/wp-content\/uploads\/2018\/04\/alpandeire.jpg\" alt=\"alpandeire\" width=\"640\" height=\"480\" srcset=\"https:\/\/www.sensacionrural.es\/blog\/wp-content\/uploads\/2018\/04\/alpandeire.jpg 640w, https:\/\/www.sensacionrural.es\/blog\/wp-content\/uploads\/2018\/04\/alpandeire-300x225.jpg 300w, https:\/\/www.sensacionrural.es\/blog\/wp-content\/uploads\/2018\/04\/alpandeire-600x450.jpg 600w\" sizes=\"(max-width: 640px) 100vw, 640px\" \/><\/a><\/p>\n<p style=\"text-align: center;\">Cyril Doussin<\/p>\n<p>En \u00a0Alpandeire, podemos encontrar diversos puntos de inter\u00e9s, como la Iglesia Parroquial de San Antonio de Padua, edificada en mitad del siglo XVI, as\u00ed como la Casa Natal de Fray Leopoldo o el antiguo p\u00f3sito del siglo XVII.<\/p>\n<h3><span class=\"ez-toc-section\" id=\"16_Archidona\"><\/span>16. Archidona<span class=\"ez-toc-section-end\"><\/span><\/h3>\n<p><strong>Archidona<\/strong> es uno de los lugares m\u00e1s emblem\u00e1ticos de M\u00e1laga. Con t\u00edtulo de ciudad y cerca de 9.000 habitantes, es un municipio que tienes que visitar. Estamos hablando de una peque\u00f1a ciudad monumental que te dejar\u00e1 anonadado, \u00a1os lo podemos asegurar! No en vano, la localidad fue declarada a principios de los a\u00f1os 80 Conjunto Hist\u00f3rico-Art\u00edstico, \u00a1por algo ser\u00e1!<\/p>\n<p style=\"text-align: center;\"><a href=\"https:\/\/www.sensacionrural.es\/blog\/wp-content\/uploads\/2018\/04\/archidona.jpg\" data-rel=\"penci-gallery-image-content\"  rel=\"attachment wp-att-9792\"><img loading=\"lazy\" decoding=\"async\" class=\"aligncenter size-full wp-image-9792\" src=\"https:\/\/www.sensacionrural.es\/blog\/wp-content\/uploads\/2018\/04\/archidona.jpg\" alt=\"archidona\" width=\"640\" height=\"480\" srcset=\"https:\/\/www.sensacionrural.es\/blog\/wp-content\/uploads\/2018\/04\/archidona.jpg 640w, https:\/\/www.sensacionrural.es\/blog\/wp-content\/uploads\/2018\/04\/archidona-300x225.jpg 300w, https:\/\/www.sensacionrural.es\/blog\/wp-content\/uploads\/2018\/04\/archidona-600x450.jpg 600w\" sizes=\"(max-width: 640px) 100vw, 640px\" \/><\/a><\/p>\n<p style=\"text-align: center;\">Luis Rogelio HM<\/p>\n<p>El patrimonio de Archidona es excelso. Buena muestra de ello es la Plaza Ochovada, una referencia dentro de la arquitectura barroca de Andaluc\u00eda, que simula el patio de corralas, edificada a finales del siglo XVIII. De igual manera, se puede visitar la Casa del P\u00f3sito, del siglo XVI, as\u00ed como edificios tradicionales como caser\u00edos o molinos de harina. Dentro del patrimonio religioso, el abanico es igualmente amplio, ya que puedes visitar monumentos como la Ermita de la Virgen de Gracia, del siglo XV, la Iglesia de Santa Anam del siglo XVI o el Convento de Santo Domingo, del mismo siglo.<\/p>\n<h3><span class=\"ez-toc-section\" id=\"17_Totalan\"><\/span>17. Total\u00e1n<span class=\"ez-toc-section-end\"><\/span><\/h3>\n<p><strong>Total\u00e1n<\/strong> es un peque\u00f1o pueblo situado en la Comarca de Axarqu\u00eda. La localidad est\u00e1 enclavada en un paisaje de suaves lomas en las que se cultivan vi\u00f1edos y almendros y que destaca por sus calles blancas, empinadas y estrechas. A lo largo y ancho de Total\u00e1n, as\u00ed como su entorno, podr\u00e1s descubrir un maravilloso patrimonio cultural de diferentes \u00e9pocas.<\/p>\n<p style=\"text-align: center;\"><a href=\"https:\/\/www.sensacionrural.es\/blog\/wp-content\/uploads\/2018\/04\/totalan.jpg\" data-rel=\"penci-gallery-image-content\"  rel=\"attachment wp-att-9793\"><img loading=\"lazy\" decoding=\"async\" class=\"aligncenter size-full wp-image-9793\" src=\"https:\/\/www.sensacionrural.es\/blog\/wp-content\/uploads\/2018\/04\/totalan.jpg\" alt=\"totalan\" width=\"640\" height=\"427\" srcset=\"https:\/\/www.sensacionrural.es\/blog\/wp-content\/uploads\/2018\/04\/totalan.jpg 640w, https:\/\/www.sensacionrural.es\/blog\/wp-content\/uploads\/2018\/04\/totalan-300x200.jpg 300w, https:\/\/www.sensacionrural.es\/blog\/wp-content\/uploads\/2018\/04\/totalan-600x400.jpg 600w\" sizes=\"(max-width: 640px) 100vw, 640px\" \/><\/a><\/p>\n<p style=\"text-align: center;\"><a href=\"https:\/\/cederaxarquia.org\/\" target=\"_blank\" rel=\"nofollow noopener noreferrer\">Cederaxarquia.com<\/a><\/p>\n<p>Si te animas a visitar el pueblo de Total\u00e1n, podr\u00e1s visitar diferentes lugares de inter\u00e9s como la Iglesia de Santa Ana, en la pintoresca Plaza de La Constituci\u00f3n y que data del siglo XVI, adem\u00e1s de la Torre del Viol\u00edn, los Jardines de la Cascada o contemplar una vista panor\u00e1mica de su entorno desde el asomarte el Mirador del Zagal.<\/p>\n<h3><span class=\"ez-toc-section\" id=\"18_Canillas_de_Albaida\"><\/span>18. Canillas de Albaida<span class=\"ez-toc-section-end\"><\/span><\/h3>\n<p>M\u00e1laga tiene multitud de pueblos realmente bonitos. En este caso, nos vamos pr\u00e1cticamente al l\u00edmite de la provincia malague\u00f1a, con Granada, para conocer un poco mejor Canillas de Albaida. Dicha localidad se encuentra en uno de los espacios naturales m\u00e1s asombrosos del sur de nuestro pa\u00eds, como es el Parque Natural de las Sierras de Tejeda, Almijara y Alhama. A los pies de este paraje natural, rodeado de huertas y olivares, emerge uno de los pueblos blancos de la Costa del Sol m\u00e1s espectaculares.<\/p>\n<p style=\"text-align: center;\"><a href=\"https:\/\/www.sensacionrural.es\/blog\/wp-content\/uploads\/2018\/04\/canillas-albaida-malaga.jpg\" data-rel=\"penci-gallery-image-content\" ><img loading=\"lazy\" decoding=\"async\" class=\"aligncenter size-full wp-image-14107\" src=\"https:\/\/www.sensacionrural.es\/blog\/wp-content\/uploads\/2018\/04\/canillas-albaida-malaga.jpg\" alt=\"canillas albaida malaga\" width=\"640\" height=\"421\" srcset=\"https:\/\/www.sensacionrural.es\/blog\/wp-content\/uploads\/2018\/04\/canillas-albaida-malaga.jpg 640w, https:\/\/www.sensacionrural.es\/blog\/wp-content\/uploads\/2018\/04\/canillas-albaida-malaga-300x197.jpg 300w, https:\/\/www.sensacionrural.es\/blog\/wp-content\/uploads\/2018\/04\/canillas-albaida-malaga-600x395.jpg 600w\" sizes=\"(max-width: 640px) 100vw, 640px\" \/><\/a><\/p>\n<p style=\"text-align: center;\">Dguendel<\/p>\n<p>Canillas de Albaida tiene su origen, probablemente, en el siglo XIII. Aun hoy en d\u00eda, se conserva el trazado de sus calles estrechas, sinuosas y estrechas. Como no pod\u00eda ser de otra manera, destaca el color blanco de las fachadas de sus casas y el cuidado con el que se conservan, con flores que dan colorido a toda la localidad. En cuanto a los lugares m\u00e1s destacados de Canillas de Albaida, podemos mencionar la Iglesia de Nuestra Se\u00f1ora de la Expectaci\u00f3n o la Ermita de Santa Ana. Asimismo, en los alrededores, puedes descubrir el Paraje de las Cuestas y su Puente Romano.<\/p>\n<h3><span class=\"ez-toc-section\" id=\"19_Benaojan\"><\/span>19. Benaoj\u00e1n<span class=\"ez-toc-section-end\"><\/span><\/h3>\n<p>Lo primero que nos debe de impresionar al visitar <strong>Benaoj\u00e1n <\/strong>es su ubicaci\u00f3n. En el Parque de Grazalema, rodeado de unos cerros que pr\u00e1cticamente encajonan la localidad, podemos encontrar uno de los pueblos con m\u00e1s encanto de la provincia malague\u00f1a.<\/p>\n<p style=\"text-align: center;\"><a href=\"https:\/\/www.sensacionrural.es\/blog\/wp-content\/uploads\/2018\/04\/benaojan.jpg\" data-rel=\"penci-gallery-image-content\"  rel=\"attachment wp-att-9794\"><img loading=\"lazy\" decoding=\"async\" class=\"aligncenter size-full wp-image-9794\" src=\"https:\/\/www.sensacionrural.es\/blog\/wp-content\/uploads\/2018\/04\/benaojan.jpg\" alt=\"benaojan\" width=\"640\" height=\"491\" srcset=\"https:\/\/www.sensacionrural.es\/blog\/wp-content\/uploads\/2018\/04\/benaojan.jpg 640w, https:\/\/www.sensacionrural.es\/blog\/wp-content\/uploads\/2018\/04\/benaojan-300x230.jpg 300w, https:\/\/www.sensacionrural.es\/blog\/wp-content\/uploads\/2018\/04\/benaojan-600x460.jpg 600w\" sizes=\"(max-width: 640px) 100vw, 640px\" \/><\/a><\/p>\n<p style=\"text-align: center;\">El Pantera<\/p>\n<p>Dentro de su impresionante entorno, podemos encontrar diferentes rutas e itinerarios donde descubrir, por ejemplo la Cueva del Gato o la del Hundidero. Tambi\u00e9n puedes visitar la Torre del Moro, los restos de una antigua torre de vigilancia del Valle del Guadiaro.<\/p>\n<h3><span class=\"ez-toc-section\" id=\"20_El_Borge\"><\/span>20. El Borge<span class=\"ez-toc-section-end\"><\/span><\/h3>\n<p>En el interior de la provincia de M\u00e1laga, en la Comarca de la Axarqu\u00eda, podemos descubrir algunas poblaciones que siguen manteniendo su encanto \u00e1rabe, con el paso del tiempo. Un buen ejemplo de ello es El Borge, una localidad tambi\u00e9n conocida por hospedar a El Bizco de El Borge, un conocido bandolero de la zona. Hoy en d\u00eda, esta localidad destaca por la abundancia de olivares y vi\u00f1as de su entorno, as\u00ed como de sus estrechas callejuelas.<\/p>\n<p style=\"text-align: center;\"><a href=\"https:\/\/www.sensacionrural.es\/blog\/wp-content\/uploads\/2018\/04\/el-borge-malaga.jpg\" data-rel=\"penci-gallery-image-content\" ><img loading=\"lazy\" decoding=\"async\" class=\"aligncenter size-full wp-image-14106\" src=\"https:\/\/www.sensacionrural.es\/blog\/wp-content\/uploads\/2018\/04\/el-borge-malaga.jpg\" alt=\"el borge malaga\" width=\"640\" height=\"482\" srcset=\"https:\/\/www.sensacionrural.es\/blog\/wp-content\/uploads\/2018\/04\/el-borge-malaga.jpg 640w, https:\/\/www.sensacionrural.es\/blog\/wp-content\/uploads\/2018\/04\/el-borge-malaga-300x226.jpg 300w, https:\/\/www.sensacionrural.es\/blog\/wp-content\/uploads\/2018\/04\/el-borge-malaga-600x452.jpg 600w\" sizes=\"(max-width: 640px) 100vw, 640px\" \/><\/a><\/p>\n<p style=\"text-align: center;\">T\u00e9 y Kriptonita<\/p>\n<p>En la localidad de El Borge, el monumento m\u00e1s destacado es la Iglesia Parroquial de Nuestra Se\u00f1ora del Rosario, del siglo XVI, y de estilo renacentista y tardog\u00f3tico. \u00a0De la misma forma, sobresale el barrio del Rinconcillo, reconocido por el colorido de sus flores y el encalado de sus fachadas.<\/p>\n<h2><span class=\"ez-toc-section\" id=\"Mapa_con_los_pueblos_con_mas_encanto_de_Malaga\"><\/span>Mapa con los pueblos con m\u00e1s encanto de M\u00e1laga<span class=\"ez-toc-section-end\"><\/span><\/h2>\n<p>En este mapa podr\u00e1s ver la localizaci\u00f3n de cada uno de los pueblos que hemos mencionado en este art\u00edculo. Gracias a \u00e9l, podr\u00e1s sacarle el m\u00e1ximo partido a tu pr\u00f3xima escapada por el territorio malague\u00f1o.<\/p>\n<p><iframe src=\"https:\/\/www.google.com\/maps\/d\/embed?mid=1LSSbDaZda9LohZNwQJucKJMe0K7Agm0&amp;ehbc=2E312F\" width=\"640\" height=\"480\"><\/iframe><\/p>\n<p>Como puedes ver, M\u00e1laga est\u00e1 repleta de pueblos bellos y llenos de encanto. \u00bfA qu\u00e9 esperas para visitarlos todos?<\/p>\n","protected":false},"excerpt":{"rendered":"<p>M\u00e1laga es una provincia\u00a0id\u00f3nea para la pr\u00e1ctica del turismo rural. De eso, estamos seguros. Puede&hellip;<\/p>\n","protected":false},"author":6,"featured_media":9777,"comment_status":"open","ping_status":"open","sticky":false,"template":"","format":"standard","meta":{"content-type":"","om_disable_all_campaigns":false,"footnotes":""},"categories":[256],"tags":[60,59],"aioseo_notices":[],"_links":{"self":[{"href":"https:\/\/www.sensacionrural.es\/blog\/wp-json\/wp\/v2\/posts\/9776"}],"collection":[{"href":"https:\/\/www.sensacionrural.es\/blog\/wp-json\/wp\/v2\/posts"}],"about":[{"href":"https:\/\/www.sensacionrural.es\/blog\/wp-json\/wp\/v2\/types\/post"}],"author":[{"embeddable":true,"href":"https:\/\/www.sensacionrural.es\/blog\/wp-json\/wp\/v2\/users\/6"}],"replies":[{"embeddable":true,"href":"https:\/\/www.sensacionrural.es\/blog\/wp-json\/wp\/v2\/comments?post=9776"}],"version-history":[{"count":25,"href":"https:\/\/www.sensacionrural.es\/blog\/wp-json\/wp\/v2\/posts\/9776\/revisions"}],"predecessor-version":[{"id":24753,"href":"https:\/\/www.sensacionrural.es\/blog\/wp-json\/wp\/v2\/posts\/9776\/revisions\/24753"}],"wp:featuredmedia":[{"embeddable":true,"href":"https:\/\/www.sensacionrural.es\/blog\/wp-json\/wp\/v2\/media\/9777"}],"wp:attachment":[{"href":"https:\/\/www.sensacionrural.es\/blog\/wp-json\/wp\/v2\/media?parent=9776"}],"wp:term":[{"taxonomy":"category","embeddable":true,"href":"https:\/\/www.sensacionrural.es\/blog\/wp-json\/wp\/v2\/categories?post=9776"},{"taxonomy":"post_tag","embeddable":true,"href":"https:\/\/www.sensacionrural.es\/blog\/wp-json\/wp\/v2\/tags?post=9776"}],"curies":[{"name":"wp","href":"https:\/\/api.w.org\/{rel}","templated":true}]}}