{"id":8696,"date":"2017-11-28T11:54:02","date_gmt":"2017-11-28T11:54:02","guid":{"rendered":"http:\/\/sensacionrural.es\/blog\/?p=8696"},"modified":"2023-10-20T08:48:50","modified_gmt":"2023-10-20T08:48:50","slug":"pueblos-abandonados-encanto-espana","status":"publish","type":"post","link":"https:\/\/www.sensacionrural.es\/blog\/pueblos-abandonados-encanto-espana\/","title":{"rendered":"45 pueblos abandonados y bellos de Espa\u00f1a"},"content":{"rendered":"<p>Los <strong>pueblos abandonados<\/strong> ya constituyen un paisaje m\u00e1s de Espa\u00f1a. Es triste reconocerlo, pero es as\u00ed. La gran concentraci\u00f3n de las poblaciones <strong>en grandes ciudades<\/strong> ha vaciado literalmente al resto de localidades. \u00a1Toda una pena!<\/p>\n<p style=\"text-align: center;\"><a href=\"https:\/\/www.sensacionrural.es\/blog\/wp-content\/uploads\/2017\/11\/pueblos-abandonados.jpg\" data-rel=\"penci-gallery-image-content\"  rel=\"attachment wp-att-8699\"><img fetchpriority=\"high\" decoding=\"async\" class=\"aligncenter size-full wp-image-8699\" src=\"https:\/\/www.sensacionrural.es\/blog\/wp-content\/uploads\/2017\/11\/pueblos-abandonados.jpg\" alt=\"pueblos abandonados\" width=\"800\" height=\"536\" srcset=\"https:\/\/www.sensacionrural.es\/blog\/wp-content\/uploads\/2017\/11\/pueblos-abandonados.jpg 800w, https:\/\/www.sensacionrural.es\/blog\/wp-content\/uploads\/2017\/11\/pueblos-abandonados-300x201.jpg 300w, https:\/\/www.sensacionrural.es\/blog\/wp-content\/uploads\/2017\/11\/pueblos-abandonados-768x515.jpg 768w, https:\/\/www.sensacionrural.es\/blog\/wp-content\/uploads\/2017\/11\/pueblos-abandonados-600x402.jpg 600w\" sizes=\"(max-width: 800px) 100vw, 800px\" \/><\/a><\/p>\n<p style=\"text-align: center;\">Jes\u00fas Mart\u00ednez<\/p>\n<div id=\"ez-toc-container\" class=\"ez-toc-v2_0_69_1 ez-toc-wrap-center counter-hierarchy ez-toc-counter ez-toc-grey ez-toc-container-direction\">\n<div class=\"ez-toc-title-container\">\n<p class=\"ez-toc-title \" >&Iacute;ndice de contenidos<\/p>\n<span class=\"ez-toc-title-toggle\"><a href=\"#\" class=\"ez-toc-pull-right ez-toc-btn ez-toc-btn-xs ez-toc-btn-default ez-toc-toggle\" aria-label=\"Toggle Table of Content\"><span class=\"ez-toc-js-icon-con\"><span class=\"\"><span class=\"eztoc-hide\" style=\"display:none;\">Toggle<\/span><span class=\"ez-toc-icon-toggle-span\"><svg style=\"fill: #999;color:#999\" xmlns=\"http:\/\/www.w3.org\/2000\/svg\" class=\"list-377408\" width=\"20px\" height=\"20px\" viewBox=\"0 0 24 24\" fill=\"none\"><path d=\"M6 6H4v2h2V6zm14 0H8v2h12V6zM4 11h2v2H4v-2zm16 0H8v2h12v-2zM4 16h2v2H4v-2zm16 0H8v2h12v-2z\" fill=\"currentColor\"><\/path><\/svg><svg style=\"fill: #999;color:#999\" class=\"arrow-unsorted-368013\" xmlns=\"http:\/\/www.w3.org\/2000\/svg\" width=\"10px\" height=\"10px\" viewBox=\"0 0 24 24\" version=\"1.2\" baseProfile=\"tiny\"><path d=\"M18.2 9.3l-6.2-6.3-6.2 6.3c-.2.2-.3.4-.3.7s.1.5.3.7c.2.2.4.3.7.3h11c.3 0 .5-.1.7-.3.2-.2.3-.5.3-.7s-.1-.5-.3-.7zM5.8 14.7l6.2 6.3 6.2-6.3c.2-.2.3-.5.3-.7s-.1-.5-.3-.7c-.2-.2-.4-.3-.7-.3h-11c-.3 0-.5.1-.7.3-.2.2-.3.5-.3.7s.1.5.3.7z\"\/><\/svg><\/span><\/span><\/span><\/a><\/span><\/div>\n<nav><ul class='ez-toc-list ez-toc-list-level-1 ' ><li class='ez-toc-page-1 ez-toc-heading-level-2'><a class=\"ez-toc-link ez-toc-heading-1\" href=\"https:\/\/www.sensacionrural.es\/blog\/pueblos-abandonados-encanto-espana\/#La_despoblacion_un_problema_real_para_la_poblacion_rural\" title=\"La despoblaci\u00f3n, un problema real para la poblaci\u00f3n rural\">La despoblaci\u00f3n, un problema real para la poblaci\u00f3n rural<\/a><\/li><li class='ez-toc-page-1 ez-toc-heading-level-2'><a class=\"ez-toc-link ez-toc-heading-2\" href=\"https:\/\/www.sensacionrural.es\/blog\/pueblos-abandonados-encanto-espana\/#Pueblos_abandonados_realmente_bellos\" title=\"Pueblos abandonados realmente bellos\">Pueblos abandonados realmente bellos<\/a><ul class='ez-toc-list-level-3' ><li class='ez-toc-heading-level-3'><a class=\"ez-toc-link ez-toc-heading-3\" href=\"https:\/\/www.sensacionrural.es\/blog\/pueblos-abandonados-encanto-espana\/#1_Las_Ruedas_de_Enciso_La_Rioja\" title=\"1. Las Ruedas de Enciso (La Rioja)\">1. Las Ruedas de Enciso (La Rioja)<\/a><\/li><li class='ez-toc-page-1 ez-toc-heading-level-3'><a class=\"ez-toc-link ez-toc-heading-4\" href=\"https:\/\/www.sensacionrural.es\/blog\/pueblos-abandonados-encanto-espana\/#2_Belchite_Viejo_Zaragoza\" title=\"2. Belchite Viejo (Zaragoza)\">2. Belchite Viejo (Zaragoza)<\/a><\/li><li class='ez-toc-page-1 ez-toc-heading-level-3'><a class=\"ez-toc-link ez-toc-heading-5\" href=\"https:\/\/www.sensacionrural.es\/blog\/pueblos-abandonados-encanto-espana\/#3_Granadilla_Caceres\" title=\"3. Granadilla (C\u00e1ceres)\">3. Granadilla (C\u00e1ceres)<\/a><\/li><li class='ez-toc-page-1 ez-toc-heading-level-3'><a class=\"ez-toc-link ez-toc-heading-6\" href=\"https:\/\/www.sensacionrural.es\/blog\/pueblos-abandonados-encanto-espana\/#4_Valdegrulla_Soria\" title=\"4. Valdegrulla (Soria)\">4. Valdegrulla (Soria)<\/a><\/li><li class='ez-toc-page-1 ez-toc-heading-level-3'><a class=\"ez-toc-link ez-toc-heading-7\" href=\"https:\/\/www.sensacionrural.es\/blog\/pueblos-abandonados-encanto-espana\/#5_Umbralejo_Guadalajara\" title=\"5. Umbralejo (Guadalajara)\">5. Umbralejo (Guadalajara)<\/a><\/li><li class='ez-toc-page-1 ez-toc-heading-level-3'><a class=\"ez-toc-link ez-toc-heading-8\" href=\"https:\/\/www.sensacionrural.es\/blog\/pueblos-abandonados-encanto-espana\/#6_San_Vicente_de_Munilla_La_Rioja\" title=\"6. San Vicente de Munilla (La Rioja)\">6. San Vicente de Munilla (La Rioja)<\/a><\/li><li class='ez-toc-page-1 ez-toc-heading-level-3'><a class=\"ez-toc-link ez-toc-heading-9\" href=\"https:\/\/www.sensacionrural.es\/blog\/pueblos-abandonados-encanto-espana\/#7_Corbera_dEbre_Tarragona\" title=\"7. Corbera d\u2019Ebre (Tarragona)\">7. Corbera d\u2019Ebre (Tarragona)<\/a><\/li><li class='ez-toc-page-1 ez-toc-heading-level-3'><a class=\"ez-toc-link ez-toc-heading-10\" href=\"https:\/\/www.sensacionrural.es\/blog\/pueblos-abandonados-encanto-espana\/#8_Aldealcardo_Soria\" title=\"8. Aldealcardo (Soria)\">8. Aldealcardo (Soria)<\/a><\/li><li class='ez-toc-page-1 ez-toc-heading-level-3'><a class=\"ez-toc-link ez-toc-heading-11\" href=\"https:\/\/www.sensacionrural.es\/blog\/pueblos-abandonados-encanto-espana\/#9_Esco_Zaragoza\" title=\"9. Esc\u00f3 (Zaragoza)\">9. Esc\u00f3 (Zaragoza)<\/a><\/li><li class='ez-toc-page-1 ez-toc-heading-level-3'><a class=\"ez-toc-link ez-toc-heading-12\" href=\"https:\/\/www.sensacionrural.es\/blog\/pueblos-abandonados-encanto-espana\/#10_Ruesta_Huesca\" title=\"10. Ruesta (Huesca)\">10. Ruesta (Huesca)<\/a><\/li><li class='ez-toc-page-1 ez-toc-heading-level-3'><a class=\"ez-toc-link ez-toc-heading-13\" href=\"https:\/\/www.sensacionrural.es\/blog\/pueblos-abandonados-encanto-espana\/#11_Turruncun_La_Rioja\" title=\"11. Turrunc\u00fan (La Rioja)\">11. Turrunc\u00fan (La Rioja)<\/a><\/li><li class='ez-toc-page-1 ez-toc-heading-level-3'><a class=\"ez-toc-link ez-toc-heading-14\" href=\"https:\/\/www.sensacionrural.es\/blog\/pueblos-abandonados-encanto-espana\/#12_Fuentebella_Soria\" title=\"12. Fuentebella (Soria)\">12. Fuentebella (Soria)<\/a><\/li><li class='ez-toc-page-1 ez-toc-heading-level-3'><a class=\"ez-toc-link ez-toc-heading-15\" href=\"https:\/\/www.sensacionrural.es\/blog\/pueblos-abandonados-encanto-espana\/#13_Ochate_Burgos\" title=\"13. Ochate (Burgos)\">13. Ochate (Burgos)<\/a><\/li><li class='ez-toc-page-1 ez-toc-heading-level-3'><a class=\"ez-toc-link ez-toc-heading-16\" href=\"https:\/\/www.sensacionrural.es\/blog\/pueblos-abandonados-encanto-espana\/#14_Os_Teixois_Asturias\" title=\"14. Os Teixois (Asturias)\">14. Os Teixois (Asturias)<\/a><\/li><li class='ez-toc-page-1 ez-toc-heading-level-3'><a class=\"ez-toc-link ez-toc-heading-17\" href=\"https:\/\/www.sensacionrural.es\/blog\/pueblos-abandonados-encanto-espana\/#15_Mosarejos_Soria\" title=\"15. Mosarejos (Soria)\">15. Mosarejos (Soria)<\/a><\/li><li class='ez-toc-page-1 ez-toc-heading-level-3'><a class=\"ez-toc-link ez-toc-heading-18\" href=\"https:\/\/www.sensacionrural.es\/blog\/pueblos-abandonados-encanto-espana\/#16_Villaescusa_de_Palositos_Guadalajara\" title=\"16. Villaescusa de Palositos (Guadalajara)\">16. Villaescusa de Palositos (Guadalajara)<\/a><\/li><li class='ez-toc-page-1 ez-toc-heading-level-3'><a class=\"ez-toc-link ez-toc-heading-19\" href=\"https:\/\/www.sensacionrural.es\/blog\/pueblos-abandonados-encanto-espana\/#17_Llombai_Alicante\" title=\"17. Llombai (Alicante)\">17. Llombai (Alicante)<\/a><\/li><li class='ez-toc-page-1 ez-toc-heading-level-3'><a class=\"ez-toc-link ez-toc-heading-20\" href=\"https:\/\/www.sensacionrural.es\/blog\/pueblos-abandonados-encanto-espana\/#18_Bonices_Soria\" title=\"18. Bo\u00f1ices (Soria)\">18. Bo\u00f1ices (Soria)<\/a><\/li><li class='ez-toc-page-1 ez-toc-heading-level-3'><a class=\"ez-toc-link ez-toc-heading-21\" href=\"https:\/\/www.sensacionrural.es\/blog\/pueblos-abandonados-encanto-espana\/#19_Bubal_Huesca\" title=\"19. B\u00fabal (Huesca)\">19. B\u00fabal (Huesca)<\/a><\/li><li class='ez-toc-page-1 ez-toc-heading-level-3'><a class=\"ez-toc-link ez-toc-heading-22\" href=\"https:\/\/www.sensacionrural.es\/blog\/pueblos-abandonados-encanto-espana\/#20_Avellanosa_de_Rioja_Burgos\" title=\"20. Avellanosa de Rioja (Burgos)\">20. Avellanosa de Rioja (Burgos)<\/a><\/li><li class='ez-toc-page-1 ez-toc-heading-level-3'><a class=\"ez-toc-link ez-toc-heading-23\" href=\"https:\/\/www.sensacionrural.es\/blog\/pueblos-abandonados-encanto-espana\/#21_Gallicant_Tarragona\" title=\"21. Gallicant (Tarragona)\">21. Gallicant (Tarragona)<\/a><\/li><li class='ez-toc-page-1 ez-toc-heading-level-3'><a class=\"ez-toc-link ez-toc-heading-24\" href=\"https:\/\/www.sensacionrural.es\/blog\/pueblos-abandonados-encanto-espana\/#22_Janovas_Huesca\" title=\"22. J\u00e1novas (Huesca)\">22. J\u00e1novas (Huesca)<\/a><\/li><li class='ez-toc-page-1 ez-toc-heading-level-3'><a class=\"ez-toc-link ez-toc-heading-25\" href=\"https:\/\/www.sensacionrural.es\/blog\/pueblos-abandonados-encanto-espana\/#23_Cortiguera_Burgos\" title=\"23. Cortiguera (Burgos)\">23. Cortiguera (Burgos)<\/a><\/li><li class='ez-toc-page-1 ez-toc-heading-level-3'><a class=\"ez-toc-link ez-toc-heading-26\" href=\"https:\/\/www.sensacionrural.es\/blog\/pueblos-abandonados-encanto-espana\/#24_La_Vereda_Guadalajara\" title=\"24. La Vereda (Guadalajara)\">24. La Vereda (Guadalajara)<\/a><\/li><li class='ez-toc-page-1 ez-toc-heading-level-3'><a class=\"ez-toc-link ez-toc-heading-27\" href=\"https:\/\/www.sensacionrural.es\/blog\/pueblos-abandonados-encanto-espana\/#25_Muro_de_Bellos_Huesca\" title=\"25. Muro de Bell\u00f3s (Huesca)\">25. Muro de Bell\u00f3s (Huesca)<\/a><\/li><li class='ez-toc-page-1 ez-toc-heading-level-3'><a class=\"ez-toc-link ez-toc-heading-28\" href=\"https:\/\/www.sensacionrural.es\/blog\/pueblos-abandonados-encanto-espana\/#26_La_Escurquilla_La_Rioja\" title=\"26. La Escurquilla (La Rioja)\">26. La Escurquilla (La Rioja)<\/a><\/li><li class='ez-toc-page-1 ez-toc-heading-level-3'><a class=\"ez-toc-link ez-toc-heading-29\" href=\"https:\/\/www.sensacionrural.es\/blog\/pueblos-abandonados-encanto-espana\/#27_La_Mata_Soria\" title=\"27. La Mata (Soria)\">27. La Mata (Soria)<\/a><\/li><li class='ez-toc-page-1 ez-toc-heading-level-3'><a class=\"ez-toc-link ez-toc-heading-30\" href=\"https:\/\/www.sensacionrural.es\/blog\/pueblos-abandonados-encanto-espana\/#28_Aramunt_Vell_Lleida\" title=\"28. Aramunt Vell (Lleida)\">28. Aramunt Vell (Lleida)<\/a><\/li><li class='ez-toc-page-1 ez-toc-heading-level-3'><a class=\"ez-toc-link ez-toc-heading-31\" href=\"https:\/\/www.sensacionrural.es\/blog\/pueblos-abandonados-encanto-espana\/#29_Pena_Navarra\" title=\"29. Pe\u00f1a (Navarra)\">29. Pe\u00f1a (Navarra)<\/a><\/li><li class='ez-toc-page-1 ez-toc-heading-level-3'><a class=\"ez-toc-link ez-toc-heading-32\" href=\"https:\/\/www.sensacionrural.es\/blog\/pueblos-abandonados-encanto-espana\/#30_Manzanares_Soria\" title=\"30. Manzanares (Soria)\">30. Manzanares (Soria)<\/a><\/li><li class='ez-toc-page-1 ez-toc-heading-level-3'><a class=\"ez-toc-link ez-toc-heading-33\" href=\"https:\/\/www.sensacionrural.es\/blog\/pueblos-abandonados-encanto-espana\/#31_Fresno_del_Torote_Comunidad_de_Madrid\" title=\"31. Fresno del Torote (Comunidad de Madrid)\">31. Fresno del Torote (Comunidad de Madrid)<\/a><\/li><li class='ez-toc-page-1 ez-toc-heading-level-3'><a class=\"ez-toc-link ez-toc-heading-34\" href=\"https:\/\/www.sensacionrural.es\/blog\/pueblos-abandonados-encanto-espana\/#32_Villar_de_Matacabras_Avila\" title=\"32. Villar de Matacabras (\u00c1vila)\">32. Villar de Matacabras (\u00c1vila)<\/a><\/li><li class='ez-toc-page-1 ez-toc-heading-level-3'><a class=\"ez-toc-link ez-toc-heading-35\" href=\"https:\/\/www.sensacionrural.es\/blog\/pueblos-abandonados-encanto-espana\/#33_Rebollosa_de_los_Escuderos_Soria\" title=\"33. Rebollosa de los Escuderos (Soria)\">33. Rebollosa de los Escuderos (Soria)<\/a><\/li><li class='ez-toc-page-1 ez-toc-heading-level-3'><a class=\"ez-toc-link ez-toc-heading-36\" href=\"https:\/\/www.sensacionrural.es\/blog\/pueblos-abandonados-encanto-espana\/#34_Sancti_Petri_Cadiz\" title=\"34. Sancti Petri (C\u00e1diz)\">34. Sancti Petri (C\u00e1diz)<\/a><\/li><li class='ez-toc-page-1 ez-toc-heading-level-3'><a class=\"ez-toc-link ez-toc-heading-37\" href=\"https:\/\/www.sensacionrural.es\/blog\/pueblos-abandonados-encanto-espana\/#35_Miravete_de_la_Sierra_Teruel\" title=\"35. Miravete de la Sierra (Teruel)\">35. Miravete de la Sierra (Teruel)<\/a><\/li><li class='ez-toc-page-1 ez-toc-heading-level-3'><a class=\"ez-toc-link ez-toc-heading-38\" href=\"https:\/\/www.sensacionrural.es\/blog\/pueblos-abandonados-encanto-espana\/#36_Montargull_Tarragona\" title=\"36. Montargull (Tarragona)\">36. Montargull (Tarragona)<\/a><\/li><li class='ez-toc-page-1 ez-toc-heading-level-3'><a class=\"ez-toc-link ez-toc-heading-39\" href=\"https:\/\/www.sensacionrural.es\/blog\/pueblos-abandonados-encanto-espana\/#37_Sotillos_de_Caracena_Soria\" title=\"37. Sotillos de Caracena (Soria)\">37. Sotillos de Caracena (Soria)<\/a><\/li><li class='ez-toc-page-1 ez-toc-heading-level-3'><a class=\"ez-toc-link ez-toc-heading-40\" href=\"https:\/\/www.sensacionrural.es\/blog\/pueblos-abandonados-encanto-espana\/#38_Berfull_Valencia\" title=\"38. Berfull (Valencia)\">38. Berfull (Valencia)<\/a><\/li><li class='ez-toc-page-1 ez-toc-heading-level-3'><a class=\"ez-toc-link ez-toc-heading-41\" href=\"https:\/\/www.sensacionrural.es\/blog\/pueblos-abandonados-encanto-espana\/#39_Villanueva_del_Jalon_Zaragoza\" title=\"39. Villanueva del Jal\u00f3n (Zaragoza)\">39. Villanueva del Jal\u00f3n (Zaragoza)<\/a><\/li><li class='ez-toc-page-1 ez-toc-heading-level-3'><a class=\"ez-toc-link ez-toc-heading-42\" href=\"https:\/\/www.sensacionrural.es\/blog\/pueblos-abandonados-encanto-espana\/#40_Mas_del_Labrador_Teruel\" title=\"40. Mas del Labrador (Teruel)\">40. Mas del Labrador (Teruel)<\/a><\/li><li class='ez-toc-page-1 ez-toc-heading-level-3'><a class=\"ez-toc-link ez-toc-heading-43\" href=\"https:\/\/www.sensacionrural.es\/blog\/pueblos-abandonados-encanto-espana\/#41_Pinyeres_Tarragona\" title=\"41. Pinyeres (Tarragona)\">41. Pinyeres (Tarragona)<\/a><\/li><li class='ez-toc-page-1 ez-toc-heading-level-3'><a class=\"ez-toc-link ez-toc-heading-44\" href=\"https:\/\/www.sensacionrural.es\/blog\/pueblos-abandonados-encanto-espana\/#42_Villacreces_Valladolid\" title=\"42. Villacreces (Valladolid)\">42. Villacreces (Valladolid)<\/a><\/li><li class='ez-toc-page-1 ez-toc-heading-level-3'><a class=\"ez-toc-link ez-toc-heading-45\" href=\"https:\/\/www.sensacionrural.es\/blog\/pueblos-abandonados-encanto-espana\/#43_Junez_Zaragoza\" title=\"43. J\u00fanez (Zaragoza)\">43. J\u00fanez (Zaragoza)<\/a><\/li><li class='ez-toc-page-1 ez-toc-heading-level-3'><a class=\"ez-toc-link ez-toc-heading-46\" href=\"https:\/\/www.sensacionrural.es\/blog\/pueblos-abandonados-encanto-espana\/#44_Garranzo_La_Rioja\" title=\"44. Garranzo (La Rioja)\">44. Garranzo (La Rioja)<\/a><\/li><li class='ez-toc-page-1 ez-toc-heading-level-3'><a class=\"ez-toc-link ez-toc-heading-47\" href=\"https:\/\/www.sensacionrural.es\/blog\/pueblos-abandonados-encanto-espana\/#45_Villanueva_de_Zamajon_Soria\" title=\"45. Villanueva de Zamaj\u00f3n (Soria)\">45. Villanueva de Zamaj\u00f3n (Soria)<\/a><\/li><\/ul><\/li><\/ul><\/nav><\/div>\n<h2><span class=\"ez-toc-section\" id=\"La_despoblacion_un_problema_real_para_la_poblacion_rural\"><\/span>La despoblaci\u00f3n, un problema real para la poblaci\u00f3n rural<span class=\"ez-toc-section-end\"><\/span><\/h2>\n<p>Sobre todo entre 1950 y 1970, se produjo en Espa\u00f1a un espectacular <strong>\u00e9xodo rural<\/strong>, debido a la falta de oportunidades para trabajar en la agricultura. A pesar de los intentos por repoblar posteriormente, no parece haber vuelta atr\u00e1s.<\/p>\n<p>\u00bfEl resultado? Se estima que hay <strong>cerca de 3.000 pueblos en Espa\u00f1a<\/strong> que est\u00e1n abandonados, m\u00e1s un alto porcentaje de <strong>pueblos pr\u00e1cticamente despoblados<\/strong>.<\/p>\n<p style=\"text-align: center;\"><a href=\"https:\/\/www.sensacionrural.es\/blog\/wp-content\/uploads\/2017\/11\/pueblos-deshabitados-encanto.jpg\" data-rel=\"penci-gallery-image-content\"  rel=\"attachment wp-att-8700\"><img decoding=\"async\" class=\"aligncenter size-full wp-image-8700\" src=\"https:\/\/www.sensacionrural.es\/blog\/wp-content\/uploads\/2017\/11\/pueblos-deshabitados-encanto.jpg\" alt=\"pueblos deshabitados encanto\" width=\"800\" height=\"534\" srcset=\"https:\/\/www.sensacionrural.es\/blog\/wp-content\/uploads\/2017\/11\/pueblos-deshabitados-encanto.jpg 800w, https:\/\/www.sensacionrural.es\/blog\/wp-content\/uploads\/2017\/11\/pueblos-deshabitados-encanto-300x200.jpg 300w, https:\/\/www.sensacionrural.es\/blog\/wp-content\/uploads\/2017\/11\/pueblos-deshabitados-encanto-768x513.jpg 768w, https:\/\/www.sensacionrural.es\/blog\/wp-content\/uploads\/2017\/11\/pueblos-deshabitados-encanto-600x401.jpg 600w\" sizes=\"(max-width: 800px) 100vw, 800px\" \/><\/a><\/p>\n<p style=\"text-align: center;\">Lourdes<\/p>\n<p>Est\u00e9n totalmente abandonados o le falte poco, la realidad es que muchos de estos pueblos siguen teniendo un rico patrimonio que ser\u00eda una pena perder. De hecho, algunos pueblos tienen planes de recuperaci\u00f3n que est\u00e1n dando buenos resultados. \u00bfA que ser\u00eda interesante recuperarlos?<\/p>\n<h2><span class=\"ez-toc-section\" id=\"Pueblos_abandonados_realmente_bellos\"><\/span>Pueblos abandonados realmente bellos<span class=\"ez-toc-section-end\"><\/span><\/h2>\n<p style=\"text-align: center;\"><a href=\"https:\/\/www.sensacionrural.es\/blog\/wp-content\/uploads\/2017\/11\/pueblos-abandonados-bonitos.jpg\" data-rel=\"penci-gallery-image-content\"  rel=\"attachment wp-att-8701\"><img decoding=\"async\" class=\"aligncenter size-full wp-image-8701\" src=\"https:\/\/www.sensacionrural.es\/blog\/wp-content\/uploads\/2017\/11\/pueblos-abandonados-bonitos.jpg\" alt=\"pueblos abandonados bonitos\" width=\"800\" height=\"600\" srcset=\"https:\/\/www.sensacionrural.es\/blog\/wp-content\/uploads\/2017\/11\/pueblos-abandonados-bonitos.jpg 800w, https:\/\/www.sensacionrural.es\/blog\/wp-content\/uploads\/2017\/11\/pueblos-abandonados-bonitos-300x225.jpg 300w, https:\/\/www.sensacionrural.es\/blog\/wp-content\/uploads\/2017\/11\/pueblos-abandonados-bonitos-768x576.jpg 768w, https:\/\/www.sensacionrural.es\/blog\/wp-content\/uploads\/2017\/11\/pueblos-abandonados-bonitos-600x450.jpg 600w\" sizes=\"(max-width: 800px) 100vw, 800px\" \/><\/a><\/p>\n<p style=\"text-align: center;\">Roberto R. Lascorz<\/p>\n<p>A continuaci\u00f3n, os hablamos de algunos de estos maravillosos pueblos, unos para que los pod\u00e1is visitar y otros para que conozc\u00e1is que est\u00e1n previstos para su <strong>rehabilitaci\u00f3n<\/strong>, \u00a1pero todos ellos con un gran atractivo cultural y tur\u00edstico!<\/p>\n<h3><span class=\"ez-toc-section\" id=\"1_Las_Ruedas_de_Enciso_La_Rioja\"><\/span>1. Las Ruedas de Enciso (La Rioja)<span class=\"ez-toc-section-end\"><\/span><\/h3>\n<p>El pueblo riojano de Las Ruedas de Enciso es el \u00faltimo en sufrir la autoridad de la Administraci\u00f3n. El abandono de Las Ruedas de Enciso comenz\u00f3 en los a\u00f1os 60, cuando los habitantes decidieron migrar. No obstante, con el paso de los a\u00f1os varios descendientes decidieron volver aunque fuera para vacaciones, lo que le dio vida al pueblo, hasta que en 2009 se iniciaron las obras del pantano que hizo que se deshabitara por completo.<\/p>\n<p style=\"text-align: center;\"><a href=\"https:\/\/www.sensacionrural.es\/blog\/wp-content\/uploads\/2017\/11\/las-ruedas-enciso.jpg\" data-rel=\"penci-gallery-image-content\"  rel=\"attachment wp-att-8702\"><img loading=\"lazy\" decoding=\"async\" class=\"aligncenter size-full wp-image-8702\" src=\"https:\/\/www.sensacionrural.es\/blog\/wp-content\/uploads\/2017\/11\/las-ruedas-enciso.jpg\" alt=\"las ruedas enciso\" width=\"640\" height=\"409\" srcset=\"https:\/\/www.sensacionrural.es\/blog\/wp-content\/uploads\/2017\/11\/las-ruedas-enciso.jpg 640w, https:\/\/www.sensacionrural.es\/blog\/wp-content\/uploads\/2017\/11\/las-ruedas-enciso-300x192.jpg 300w, https:\/\/www.sensacionrural.es\/blog\/wp-content\/uploads\/2017\/11\/las-ruedas-enciso-600x383.jpg 600w\" sizes=\"(max-width: 640px) 100vw, 640px\" \/><\/a><\/p>\n<p style=\"text-align: center;\">Pigmento Azul<\/p>\n<p>En la actualidad, se puede ver alguna casa arreglada, pero la inmensa mayor\u00eda son casas abandonadas sin derruir, por lo que visitarlas nos llena de un sentimiento de\u00a0 a\u00f1oranza.<\/p>\n<h3><span class=\"ez-toc-section\" id=\"2_Belchite_Viejo_Zaragoza\"><\/span>2. Belchite Viejo (Zaragoza)<span class=\"ez-toc-section-end\"><\/span><\/h3>\n<p>En la provincia de Zaragoza, nos encontramos con Belchite viejo, un pueblo\u00a0 en ruinas que fue protagonista del horror que se vivi\u00f3 en la Guerra Civil espa\u00f1ola, donde se arras\u00f3 tanto con el pueblo como con sus gentes.<\/p>\n<p style=\"text-align: center;\"><a href=\"https:\/\/www.sensacionrural.es\/blog\/wp-content\/uploads\/2017\/11\/belchite-viejo.jpg\" data-rel=\"penci-gallery-image-content\"  rel=\"attachment wp-att-8703\"><img loading=\"lazy\" decoding=\"async\" class=\"aligncenter size-full wp-image-8703\" src=\"https:\/\/www.sensacionrural.es\/blog\/wp-content\/uploads\/2017\/11\/belchite-viejo.jpg\" alt=\"belchite viejo\" width=\"640\" height=\"426\" srcset=\"https:\/\/www.sensacionrural.es\/blog\/wp-content\/uploads\/2017\/11\/belchite-viejo.jpg 640w, https:\/\/www.sensacionrural.es\/blog\/wp-content\/uploads\/2017\/11\/belchite-viejo-300x200.jpg 300w, https:\/\/www.sensacionrural.es\/blog\/wp-content\/uploads\/2017\/11\/belchite-viejo-600x399.jpg 600w\" sizes=\"(max-width: 640px) 100vw, 640px\" \/><\/a><\/p>\n<p style=\"text-align: center;\">Roberto Latxaga<\/p>\n<p>Con el tiempo se decidi\u00f3 reconstruir el pueblo pero al lado de las ruinas del anterior, tom\u00e1ndose esta decisi\u00f3n para poder dejar as\u00ed huella de lo que fue esa horrorosa \u00e9poca. Actualmente, se pueden visitar estas ruinas pr\u00e1cticamente intactas para as\u00ed poder conocer nuestra historia.<\/p>\n<h3><span class=\"ez-toc-section\" id=\"3_Granadilla_Caceres\"><\/span>3. Granadilla (C\u00e1ceres)<span class=\"ez-toc-section-end\"><\/span><\/h3>\n<p>Al norte de C\u00e1ceres, nos encontramos con Granadilla, una villa declarada en 1980 Conjunto Hist\u00f3rico Art\u00edstico, gracias a su torre\u00f3n y a su recinto amurallado. Granadilla no fue un pueblo de muchos habitantes, aunque su abandono no fue a causa de que se quedaran sin los mismos, sino que en la \u00e9poca de Franco se decidi\u00f3 expropiar esta zona para construir el embalse que ahora existe de Gabriel y Gal\u00e1n.<\/p>\n<p style=\"text-align: center;\"><a href=\"https:\/\/www.sensacionrural.es\/blog\/wp-content\/uploads\/2017\/11\/granadilla.jpg\" data-rel=\"penci-gallery-image-content\"  rel=\"attachment wp-att-8704\"><img loading=\"lazy\" decoding=\"async\" class=\"aligncenter size-full wp-image-8704\" src=\"https:\/\/www.sensacionrural.es\/blog\/wp-content\/uploads\/2017\/11\/granadilla.jpg\" alt=\"granadilla\" width=\"640\" height=\"480\" srcset=\"https:\/\/www.sensacionrural.es\/blog\/wp-content\/uploads\/2017\/11\/granadilla.jpg 640w, https:\/\/www.sensacionrural.es\/blog\/wp-content\/uploads\/2017\/11\/granadilla-300x225.jpg 300w, https:\/\/www.sensacionrural.es\/blog\/wp-content\/uploads\/2017\/11\/granadilla-600x450.jpg 600w\" sizes=\"(max-width: 640px) 100vw, 640px\" \/><\/a><\/p>\n<p style=\"text-align: center;\">Roberto Lumbreras<\/p>\n<p>Al principio, los lugare\u00f1os no quisieron irse, pero se vieron abocados a hacerlo cuando las aguas inundaron sus tierras. Actualmente, este pueblo abandonado y rehabilitado puede visitarse, pero solo en determinadas fechas y horarios.<\/p>\n<h3><span class=\"ez-toc-section\" id=\"4_Valdegrulla_Soria\"><\/span>4. Valdegrulla (Soria)<span class=\"ez-toc-section-end\"><\/span><\/h3>\n<p>En la provincia de Soria, en lo alto de una colina y rodeado de campos de cereales, nos encontramos a Valdegrulla, un pueblo totalmente abandonado que empez\u00f3 a despoblarse a partir de los a\u00f1os 70, debido a la emigraci\u00f3n de sus habitantes a pesar de tener electricidad en el pueblo. En la actualidad apenas quedan 20 casa en pie ya que se constru\u00edan con materiales muy precarios.<\/p>\n<p style=\"text-align: center;\"><a href=\"https:\/\/www.sensacionrural.es\/blog\/wp-content\/uploads\/2017\/11\/valdegrulla.jpg\" data-rel=\"penci-gallery-image-content\"  rel=\"attachment wp-att-8705\"><img loading=\"lazy\" decoding=\"async\" class=\"aligncenter size-full wp-image-8705\" src=\"https:\/\/www.sensacionrural.es\/blog\/wp-content\/uploads\/2017\/11\/valdegrulla.jpg\" alt=\"valdegrulla\" width=\"640\" height=\"480\" srcset=\"https:\/\/www.sensacionrural.es\/blog\/wp-content\/uploads\/2017\/11\/valdegrulla.jpg 640w, https:\/\/www.sensacionrural.es\/blog\/wp-content\/uploads\/2017\/11\/valdegrulla-300x225.jpg 300w, https:\/\/www.sensacionrural.es\/blog\/wp-content\/uploads\/2017\/11\/valdegrulla-600x450.jpg 600w\" sizes=\"(max-width: 640px) 100vw, 640px\" \/><\/a><\/p>\n<p style=\"text-align: center;\">Eduardoguero<\/p>\n<p>Cuentas las leyendas que este pueblo y Bergoza, uno de al lado, siempre estaban discutiendo sobre la limitaci\u00f3n del t\u00e9rmino municipal de ambos. Por ello, decidieron que un d\u00eda se levantar\u00edan por la ma\u00f1ana e ir\u00edan unos en busca de los otros y donde se encontraran ah\u00ed se delimitar\u00eda el t\u00e9rmino municipal, pero ese d\u00eda los vecinos de Valdegrulla se durmieron.<\/p>\n<h3><span class=\"ez-toc-section\" id=\"5_Umbralejo_Guadalajara\"><\/span>5. Umbralejo (Guadalajara)<span class=\"ez-toc-section-end\"><\/span><\/h3>\n<p>Situado en el la Sierra Norte de Guadalajara se encuentra Umbralejo, un pueblo medieval de arquitectura negra en el que destaca la pizarra en sus tejados y el barro.<\/p>\n<p style=\"text-align: center;\"><a href=\"https:\/\/www.sensacionrural.es\/blog\/wp-content\/uploads\/2017\/11\/umbralejo.jpg\" data-rel=\"penci-gallery-image-content\"  rel=\"attachment wp-att-8706\"><img loading=\"lazy\" decoding=\"async\" class=\"aligncenter size-full wp-image-8706\" src=\"https:\/\/www.sensacionrural.es\/blog\/wp-content\/uploads\/2017\/11\/umbralejo.jpg\" alt=\"umbralejo\" width=\"640\" height=\"480\" srcset=\"https:\/\/www.sensacionrural.es\/blog\/wp-content\/uploads\/2017\/11\/umbralejo.jpg 640w, https:\/\/www.sensacionrural.es\/blog\/wp-content\/uploads\/2017\/11\/umbralejo-300x225.jpg 300w, https:\/\/www.sensacionrural.es\/blog\/wp-content\/uploads\/2017\/11\/umbralejo-600x450.jpg 600w\" sizes=\"(max-width: 640px) 100vw, 640px\" \/><\/a><\/p>\n<p style=\"text-align: center;\">Xuanxo<\/p>\n<p>En 1971, las casas de Umbralejo fueron expropiadas lo que hicieron que sus habitantes lo abandonaran. Actualmente, est\u00e1 incluido en el programa de rehabilitaci\u00f3n y se ha restaurando pr\u00e1cticamente todo el pueblo.<\/p>\n<h3><span class=\"ez-toc-section\" id=\"6_San_Vicente_de_Munilla_La_Rioja\"><\/span>6. San Vicente de Munilla (La Rioja)<span class=\"ez-toc-section-end\"><\/span><\/h3>\n<p>San Vicente de Munilla, un pueblo de La Rioja que contaba con acerca de 240 habitantes,\u00a0 se qued\u00f3 deshabitado durante los a\u00f1os 50 debido a la migraci\u00f3n de sus habitantes a las ciudades m\u00e1s cercanas, dejando el pueblo totalmente abandonado.<\/p>\n<p style=\"text-align: center;\"><a href=\"https:\/\/www.sensacionrural.es\/blog\/wp-content\/uploads\/2017\/11\/san-vicente-munilla.jpg\" data-rel=\"penci-gallery-image-content\"  rel=\"attachment wp-att-8707\"><img loading=\"lazy\" decoding=\"async\" class=\"aligncenter size-full wp-image-8707\" src=\"https:\/\/www.sensacionrural.es\/blog\/wp-content\/uploads\/2017\/11\/san-vicente-munilla.jpg\" alt=\"san vicente munilla\" width=\"640\" height=\"480\" srcset=\"https:\/\/www.sensacionrural.es\/blog\/wp-content\/uploads\/2017\/11\/san-vicente-munilla.jpg 640w, https:\/\/www.sensacionrural.es\/blog\/wp-content\/uploads\/2017\/11\/san-vicente-munilla-300x225.jpg 300w, https:\/\/www.sensacionrural.es\/blog\/wp-content\/uploads\/2017\/11\/san-vicente-munilla-600x450.jpg 600w\" sizes=\"(max-width: 640px) 100vw, 640px\" \/><\/a><\/p>\n<p style=\"text-align: center;\">Pigmento Azul<\/p>\n<p>Ahora este pueblo est\u00e1 poblado por &#8220;ocupas&#8221; que han ayudado a repoblar el pueblo y a recuperar y mantener ciertos edificios.<\/p>\n<h3><span class=\"ez-toc-section\" id=\"7_Corbera_dEbre_Tarragona\"><\/span>7. Corbera d\u2019Ebre (Tarragona)<span class=\"ez-toc-section-end\"><\/span><\/h3>\n<p>Corbera es otro pueblo muy parecido a Belchite, pues tambi\u00e9n fue arrasado por la Guerra Civil en la batalla denominada \u201cLa Batalla del Ebro\u201d. Corbera d\u2019Ebre qued\u00f3 totalmente en ruinas, por lo que m\u00e1s adelante sus habitantes decidieron construirlo de nuevo pero dejando estas ruinas como recordatorio de lo sucedido.<\/p>\n<p style=\"text-align: center;\"><a href=\"https:\/\/www.sensacionrural.es\/blog\/wp-content\/uploads\/2017\/11\/corbera-debre.jpg\" data-rel=\"penci-gallery-image-content\"  rel=\"attachment wp-att-8708\"><img loading=\"lazy\" decoding=\"async\" class=\"aligncenter size-full wp-image-8708\" src=\"https:\/\/www.sensacionrural.es\/blog\/wp-content\/uploads\/2017\/11\/corbera-debre.jpg\" alt=\"corbera debre\" width=\"640\" height=\"475\" srcset=\"https:\/\/www.sensacionrural.es\/blog\/wp-content\/uploads\/2017\/11\/corbera-debre.jpg 640w, https:\/\/www.sensacionrural.es\/blog\/wp-content\/uploads\/2017\/11\/corbera-debre-300x223.jpg 300w, https:\/\/www.sensacionrural.es\/blog\/wp-content\/uploads\/2017\/11\/corbera-debre-600x445.jpg 600w\" sizes=\"(max-width: 640px) 100vw, 640px\" \/><\/a><\/p>\n<p style=\"text-align: center;\">Fg Canovas<\/p>\n<p>Estas ruinas pueden ser visitadas los fines de semana y festivos, sobre todo su Iglesia de San Pedro, que fue rehabilitada y desde donde existen una vistas incre\u00edbles. Adem\u00e1s, fueron declaradas Bien de Inter\u00e9s Cultural como Lugar Hist\u00f3rico en el a\u00f1o 1992.<\/p>\n<h3><span class=\"ez-toc-section\" id=\"8_Aldealcardo_Soria\"><\/span>8. Aldealcardo (Soria)<span class=\"ez-toc-section-end\"><\/span><\/h3>\n<p>Rodeado de colinas verdes y con una enorme iglesia de estilo G\u00f3tico encontramos a Aldealcardo, un pueblo medieval soriano totalmente en ruinas.<\/p>\n<p style=\"text-align: center;\"><a href=\"https:\/\/www.sensacionrural.es\/blog\/wp-content\/uploads\/2017\/11\/aldealcardo.jpg\" data-rel=\"penci-gallery-image-content\"  rel=\"attachment wp-att-8709\"><img loading=\"lazy\" decoding=\"async\" class=\"aligncenter size-full wp-image-8709\" src=\"https:\/\/www.sensacionrural.es\/blog\/wp-content\/uploads\/2017\/11\/aldealcardo.jpg\" alt=\"aldealcardo\" width=\"640\" height=\"425\" srcset=\"https:\/\/www.sensacionrural.es\/blog\/wp-content\/uploads\/2017\/11\/aldealcardo.jpg 640w, https:\/\/www.sensacionrural.es\/blog\/wp-content\/uploads\/2017\/11\/aldealcardo-300x199.jpg 300w, https:\/\/www.sensacionrural.es\/blog\/wp-content\/uploads\/2017\/11\/aldealcardo-600x398.jpg 600w\" sizes=\"(max-width: 640px) 100vw, 640px\" \/><\/a><\/p>\n<p style=\"text-align: center;\">Miguel \u00c1ngel Garc\u00eda<\/p>\n<p>La despoblaci\u00f3n vino, al igual que en otros muchos pueblos, por la emigraci\u00f3n de los j\u00f3venes a otros pueblos o ciudades para encontrar mejores servicios. En la actualidad, podemos visitar las ruinas que quedan de las casas y la incre\u00edble iglesia.<\/p>\n<h3><span class=\"ez-toc-section\" id=\"9_Esco_Zaragoza\"><\/span>9. Esc\u00f3 (Zaragoza)<span class=\"ez-toc-section-end\"><\/span><\/h3>\n<p>Situado muy cerca del pantano de Yesa, en la provincia de Zaragoza, nos encontramos con uno pueblo que alberga una triste historia: Esc\u00f3.<\/p>\n<p style=\"text-align: center;\"><a href=\"https:\/\/www.sensacionrural.es\/blog\/wp-content\/uploads\/2017\/11\/esco.jpg\" data-rel=\"penci-gallery-image-content\"  rel=\"attachment wp-att-8710\"><img loading=\"lazy\" decoding=\"async\" class=\"aligncenter size-full wp-image-8710\" src=\"https:\/\/www.sensacionrural.es\/blog\/wp-content\/uploads\/2017\/11\/esco.jpg\" alt=\"esco\" width=\"640\" height=\"427\" srcset=\"https:\/\/www.sensacionrural.es\/blog\/wp-content\/uploads\/2017\/11\/esco.jpg 640w, https:\/\/www.sensacionrural.es\/blog\/wp-content\/uploads\/2017\/11\/esco-300x200.jpg 300w, https:\/\/www.sensacionrural.es\/blog\/wp-content\/uploads\/2017\/11\/esco-600x400.jpg 600w\" sizes=\"(max-width: 640px) 100vw, 640px\" \/><\/a><\/p>\n<p style=\"text-align: center;\">Tony Hisgett<\/p>\n<p>Al construirse el pantano, todas las tierras que serv\u00edan de sustentos para los habitantes de Esco quedaron bajo el agua, lo que provoc\u00f3 que aunque no se inundar\u00e1 en s\u00ed las casas, los habitantes tuvieran que abandonarlas. Hoy en d\u00eda, se puede ver este pueblo desde la carretera y, si te atreves, se pueden visitar sus ruinas llenas de historia.<\/p>\n<h3><span class=\"ez-toc-section\" id=\"10_Ruesta_Huesca\"><\/span>10. Ruesta (Huesca)<span class=\"ez-toc-section-end\"><\/span><\/h3>\n<p>Ruesta fue un pueblo muy grande\u00a0 situado en la provincia de Huesca y que tambi\u00e9n fue v\u00edctima de la construcci\u00f3n del pantano de Yesa.<\/p>\n<p style=\"text-align: center;\"><a href=\"https:\/\/www.sensacionrural.es\/blog\/wp-content\/uploads\/2017\/11\/ruesta.jpg\" data-rel=\"penci-gallery-image-content\"  rel=\"attachment wp-att-8711\"><img loading=\"lazy\" decoding=\"async\" class=\"aligncenter size-full wp-image-8711\" src=\"https:\/\/www.sensacionrural.es\/blog\/wp-content\/uploads\/2017\/11\/ruesta.jpg\" alt=\"ruesta\" width=\"640\" height=\"425\" srcset=\"https:\/\/www.sensacionrural.es\/blog\/wp-content\/uploads\/2017\/11\/ruesta.jpg 640w, https:\/\/www.sensacionrural.es\/blog\/wp-content\/uploads\/2017\/11\/ruesta-300x199.jpg 300w, https:\/\/www.sensacionrural.es\/blog\/wp-content\/uploads\/2017\/11\/ruesta-600x398.jpg 600w\" sizes=\"(max-width: 640px) 100vw, 640px\" \/><\/a><\/p>\n<p style=\"text-align: center;\">Gunnar Wrobel<\/p>\n<p>Por la construcci\u00f3n del mismo, los habitantes tuvieron que abandonar sus casas dejando atr\u00e1s toda su vida e historia. A d\u00eda de hoy, se est\u00e1 rehabilitando para que puedan volver los familiares de esos habitantes que tuvieron que abandonarlo.\u00a0 En concreto, ya podemos encontrar h\u00e1bil un albergue.<\/p>\n<h3><span class=\"ez-toc-section\" id=\"11_Turruncun_La_Rioja\"><\/span>11. Turrunc\u00fan (La Rioja)<span class=\"ez-toc-section-end\"><\/span><\/h3>\n<p>Turrunc\u00fan es un pueblo minero de La Rioja que aun hoy tiene mucho que contar en cada una de sus ruinas.<\/p>\n<p style=\"text-align: center;\"><a href=\"https:\/\/www.sensacionrural.es\/blog\/wp-content\/uploads\/2017\/11\/turruncun.jpg\" data-rel=\"penci-gallery-image-content\"  rel=\"attachment wp-att-8712\"><img loading=\"lazy\" decoding=\"async\" class=\"aligncenter size-full wp-image-8712\" src=\"https:\/\/www.sensacionrural.es\/blog\/wp-content\/uploads\/2017\/11\/turruncun.jpg\" alt=\"turruncun\" width=\"640\" height=\"423\" srcset=\"https:\/\/www.sensacionrural.es\/blog\/wp-content\/uploads\/2017\/11\/turruncun.jpg 640w, https:\/\/www.sensacionrural.es\/blog\/wp-content\/uploads\/2017\/11\/turruncun-300x198.jpg 300w, https:\/\/www.sensacionrural.es\/blog\/wp-content\/uploads\/2017\/11\/turruncun-600x397.jpg 600w\" sizes=\"(max-width: 640px) 100vw, 640px\" \/><\/a><\/p>\n<p style=\"text-align: center;\">Miguel \u00c1ngel Garc\u00eda<\/p>\n<p>Turrunc\u00fan empez\u00f3 a ser abandonado en el a\u00f1o 1975, cuando la miner\u00eda empez\u00f3 a fallar y sus habitantes decidieron emigrar para buscarse la vida. A d\u00eda de hoy, se puede hacer un recorrido para visitar el pueblo y as\u00ed poder ver desde el cementerio las despensas y las casas.<\/p>\n<h3><span class=\"ez-toc-section\" id=\"12_Fuentebella_Soria\"><\/span>12. Fuentebella (Soria)<span class=\"ez-toc-section-end\"><\/span><\/h3>\n<p>Escondido entre montes y barrancos y con unas ricas constumbres se sit\u00faa Fuentebella, concretamente en zona de las Tierras Altas Sorianas.<\/p>\n<p style=\"text-align: center;\"><a href=\"https:\/\/www.sensacionrural.es\/blog\/wp-content\/uploads\/2017\/11\/fuentebella.jpg\" data-rel=\"penci-gallery-image-content\"  rel=\"attachment wp-att-8713\"><img loading=\"lazy\" decoding=\"async\" class=\"aligncenter size-full wp-image-8713\" src=\"https:\/\/www.sensacionrural.es\/blog\/wp-content\/uploads\/2017\/11\/fuentebella.jpg\" alt=\"fuentebella\" width=\"640\" height=\"447\" srcset=\"https:\/\/www.sensacionrural.es\/blog\/wp-content\/uploads\/2017\/11\/fuentebella.jpg 640w, https:\/\/www.sensacionrural.es\/blog\/wp-content\/uploads\/2017\/11\/fuentebella-300x210.jpg 300w, https:\/\/www.sensacionrural.es\/blog\/wp-content\/uploads\/2017\/11\/fuentebella-600x419.jpg 600w\" sizes=\"(max-width: 640px) 100vw, 640px\" \/><\/a><\/p>\n<p style=\"text-align: center;\">Genaro<\/p>\n<p>A partir de los a\u00f1os 50 sus habitantes m\u00e1s j\u00f3venes decidieron irse a otros lugares buscando un mejor futuro dado al aislamiento que se ten\u00eda en Fuentebella. Por otro lado, el Patrimonio Forestal del Estado compr\u00f3 todas las tierras que utilizaba el pueblo para la repoblaci\u00f3n forestal de pinos, lo que provoco la total despoblaci\u00f3n de Fuentebella.<\/p>\n<h3><span class=\"ez-toc-section\" id=\"13_Ochate_Burgos\"><\/span>13. Ochate (Burgos)<span class=\"ez-toc-section-end\"><\/span><\/h3>\n<p>Perteneciente al condado de Trevi\u00f1o, en la provincia de Burgos, se encuentra Ochate, conocido como el pueblo maldito. Los habitantes de este pueblo desaparecieron totalmente de la noche a la ma\u00f1ana sobre el a\u00f1o 1860, debido supuestamente a diferentes enfermedades que acabaron con todos los habitantes.<\/p>\n<p style=\"text-align: center;\"><a href=\"https:\/\/www.sensacionrural.es\/blog\/wp-content\/uploads\/2017\/11\/ochate.jpg\" data-rel=\"penci-gallery-image-content\"  rel=\"attachment wp-att-8714\"><img loading=\"lazy\" decoding=\"async\" class=\"aligncenter size-full wp-image-8714\" src=\"https:\/\/www.sensacionrural.es\/blog\/wp-content\/uploads\/2017\/11\/ochate.jpg\" alt=\"ochate\" width=\"640\" height=\"382\" srcset=\"https:\/\/www.sensacionrural.es\/blog\/wp-content\/uploads\/2017\/11\/ochate.jpg 640w, https:\/\/www.sensacionrural.es\/blog\/wp-content\/uploads\/2017\/11\/ochate-300x179.jpg 300w, https:\/\/www.sensacionrural.es\/blog\/wp-content\/uploads\/2017\/11\/ochate-600x358.jpg 600w\" sizes=\"(max-width: 640px) 100vw, 640px\" \/><\/a><\/p>\n<p style=\"text-align: center;\">Mario Modesto<\/p>\n<p>Hoy en d\u00eda, apenas podemos ver algunas ruinas de sus casas y la torre de la iglesia, la cual es protagonista de muchos fen\u00f3menos paranormales. Hay muchos testimonios que cuentan que en este pueblo hay avistamientos de ovnis, psicofon\u00edas y apariciones fantasmag\u00f3ricas.<\/p>\n<h3><span class=\"ez-toc-section\" id=\"14_Os_Teixois_Asturias\"><\/span>14. Os Teixois (Asturias)<span class=\"ez-toc-section-end\"><\/span><\/h3>\n<p>Asturias\u00a0 contiene numerosos pueblos abandonados, pero quiz\u00e1s uno de los m\u00e1s encantadores es Os Teixois, una villa abandonada y enclavada en plena naturaleza asturiana que se ha conservado para el turismo.<\/p>\n<p style=\"text-align: center;\"><a href=\"https:\/\/www.sensacionrural.es\/blog\/wp-content\/uploads\/2017\/11\/os-teixois.jpg\" data-rel=\"penci-gallery-image-content\"  rel=\"attachment wp-att-8715\"><img loading=\"lazy\" decoding=\"async\" class=\"aligncenter size-full wp-image-8715\" src=\"https:\/\/www.sensacionrural.es\/blog\/wp-content\/uploads\/2017\/11\/os-teixois.jpg\" alt=\"os teixois\" width=\"640\" height=\"409\" srcset=\"https:\/\/www.sensacionrural.es\/blog\/wp-content\/uploads\/2017\/11\/os-teixois.jpg 640w, https:\/\/www.sensacionrural.es\/blog\/wp-content\/uploads\/2017\/11\/os-teixois-300x192.jpg 300w, https:\/\/www.sensacionrural.es\/blog\/wp-content\/uploads\/2017\/11\/os-teixois-600x383.jpg 600w\" sizes=\"(max-width: 640px) 100vw, 640px\" \/><\/a><\/p>\n<p style=\"text-align: center;\">Lourdes<\/p>\n<p>En ella se puede disfrutar de obras arquitect\u00f3nicas como casonas, cabazos y h\u00f3rreos, adem\u00e1s de incre\u00edbles ingenios industriales que aun funcionan, lo que ha hecho que esta villa sea declarada conjunto etnogr\u00e1fico.<\/p>\n<h3><span class=\"ez-toc-section\" id=\"15_Mosarejos_Soria\"><\/span>15. Mosarejos (Soria)<span class=\"ez-toc-section-end\"><\/span><\/h3>\n<p>Enclavado en un peque\u00f1o valle soriano, Mosarejos es un peque\u00f1o pueblo que se divid\u00eda en dos barrios y que a d\u00eda de hoy podemos ver sus casas todav\u00eda en pie.<\/p>\n<p style=\"text-align: center;\"><a href=\"https:\/\/www.sensacionrural.es\/blog\/wp-content\/uploads\/2017\/11\/mosarejos.jpg\" data-rel=\"penci-gallery-image-content\"  rel=\"attachment wp-att-8716\"><img loading=\"lazy\" decoding=\"async\" class=\"aligncenter size-full wp-image-8716\" src=\"https:\/\/www.sensacionrural.es\/blog\/wp-content\/uploads\/2017\/11\/mosarejos.jpg\" alt=\"mosarejos\" width=\"640\" height=\"544\" srcset=\"https:\/\/www.sensacionrural.es\/blog\/wp-content\/uploads\/2017\/11\/mosarejos.jpg 640w, https:\/\/www.sensacionrural.es\/blog\/wp-content\/uploads\/2017\/11\/mosarejos-300x255.jpg 300w, https:\/\/www.sensacionrural.es\/blog\/wp-content\/uploads\/2017\/11\/mosarejos-600x510.jpg 600w\" sizes=\"(max-width: 640px) 100vw, 640px\" \/><\/a><\/p>\n<p style=\"text-align: center;\">Rowandwindwhistler<\/p>\n<p>El motivo de su abandono fue la emigraci\u00f3n, como tantos otros pueblos de Espa\u00f1a, en la que los habitantes buscan una mejor oportunidad de vida. No obstante, hoy en d\u00eda dos hermanos est\u00e1n viviendo en Mosarejos y le dan alegr\u00eda y vida.<\/p>\n<h3><span class=\"ez-toc-section\" id=\"16_Villaescusa_de_Palositos_Guadalajara\"><\/span>16. Villaescusa de Palositos (Guadalajara)<span class=\"ez-toc-section-end\"><\/span><\/h3>\n<p>En la provincia de Guadalajara encontramos a Villaescusa de Palositos, un precioso pueblo con mucha vida hasta que la emigraci\u00f3n de sus habitantes, la falta de servicios y EL asilamiento lo condenaron al abandono.<\/p>\n<p style=\"text-align: center;\"><a href=\"https:\/\/www.sensacionrural.es\/blog\/wp-content\/uploads\/2017\/11\/villaescusa-palositos.jpg\" data-rel=\"penci-gallery-image-content\"  rel=\"attachment wp-att-8717\"><img loading=\"lazy\" decoding=\"async\" class=\"aligncenter size-full wp-image-8717\" src=\"https:\/\/www.sensacionrural.es\/blog\/wp-content\/uploads\/2017\/11\/villaescusa-palositos.jpg\" alt=\"villaescusa palositos\" width=\"640\" height=\"480\" srcset=\"https:\/\/www.sensacionrural.es\/blog\/wp-content\/uploads\/2017\/11\/villaescusa-palositos.jpg 640w, https:\/\/www.sensacionrural.es\/blog\/wp-content\/uploads\/2017\/11\/villaescusa-palositos-300x225.jpg 300w, https:\/\/www.sensacionrural.es\/blog\/wp-content\/uploads\/2017\/11\/villaescusa-palositos-600x450.jpg 600w\" sizes=\"(max-width: 640px) 100vw, 640px\" \/><\/a><\/p>\n<p style=\"text-align: center;\">Ciudadano<\/p>\n<p>Hoy en d\u00eda, mitad del pueblo es propiedad de un terrateniente que ha derribado todas las casas existentes excepto la iglesia y el cementerio para crear un coto de caza.\u00a0 Adem\u00e1s, ha decidido vallar todo el pueblo para que no pueda acceder nadie. Los descendientes de los habitantes del pueblo todos los a\u00f1os hacen una protesta con flores para que el propietario del pueblo les deje acceder y les ayuden a reformar el cementerio donde descansan sus familiares.<\/p>\n<h3><span class=\"ez-toc-section\" id=\"17_Llombai_Alicante\"><\/span>17. Llombai (Alicante)<span class=\"ez-toc-section-end\"><\/span><\/h3>\n<p>Uno de los sitios abandonados en la provincia de Alicante es Llombai, un pueblo peque\u00f1o de apenas menos de una decena de casas abandonadas.<\/p>\n<p style=\"text-align: center;\"><a href=\"https:\/\/www.sensacionrural.es\/blog\/wp-content\/uploads\/2017\/11\/llombai.jpg\" data-rel=\"penci-gallery-image-content\"  rel=\"attachment wp-att-8718\"><img loading=\"lazy\" decoding=\"async\" class=\"aligncenter size-full wp-image-8718\" src=\"https:\/\/www.sensacionrural.es\/blog\/wp-content\/uploads\/2017\/11\/llombai.jpg\" alt=\"llombai\" width=\"640\" height=\"355\" srcset=\"https:\/\/www.sensacionrural.es\/blog\/wp-content\/uploads\/2017\/11\/llombai.jpg 640w, https:\/\/www.sensacionrural.es\/blog\/wp-content\/uploads\/2017\/11\/llombai-300x166.jpg 300w, https:\/\/www.sensacionrural.es\/blog\/wp-content\/uploads\/2017\/11\/llombai-600x333.jpg 600w\" sizes=\"(max-width: 640px) 100vw, 640px\" \/><\/a><\/p>\n<p style=\"text-align: center;\">Joanbanjo<\/p>\n<p>El pueblo fue abandonado en los a\u00f1os 40 y 50 debido a la migraci\u00f3n de sus habitantes a otros pueblos o ciudades. Excepto uno de ellos, Stefan Gregor, conocido como &#8220;El Alem\u00e1n del Valle&#8221;, que se mantuvo en este pueblo hasta que muri\u00f3.<\/p>\n<h3><span class=\"ez-toc-section\" id=\"18_Bonices_Soria\"><\/span>18. Bo\u00f1ices (Soria)<span class=\"ez-toc-section-end\"><\/span><\/h3>\n<p>Situado a 1.000 metros de altitud , en la provincia de Soria, se encuentra\u00a0 Bo\u00f1ices, un peque\u00f1o pueblo abandonado en el cual sus habitantes se dedicaban al yeso y a la agricultura.<\/p>\n<p style=\"text-align: center;\"><a href=\"https:\/\/www.sensacionrural.es\/blog\/wp-content\/uploads\/2017\/11\/bonices.jpg\" data-rel=\"penci-gallery-image-content\"  rel=\"attachment wp-att-8719\"><img loading=\"lazy\" decoding=\"async\" class=\"aligncenter size-full wp-image-8719\" src=\"https:\/\/www.sensacionrural.es\/blog\/wp-content\/uploads\/2017\/11\/bonices.jpg\" alt=\"bo\u00f1ices\" width=\"640\" height=\"427\" srcset=\"https:\/\/www.sensacionrural.es\/blog\/wp-content\/uploads\/2017\/11\/bonices.jpg 640w, https:\/\/www.sensacionrural.es\/blog\/wp-content\/uploads\/2017\/11\/bonices-300x200.jpg 300w, https:\/\/www.sensacionrural.es\/blog\/wp-content\/uploads\/2017\/11\/bonices-600x400.jpg 600w\" sizes=\"(max-width: 640px) 100vw, 640px\" \/><\/a><\/p>\n<p style=\"text-align: center;\">Miguel \u00c1ngel Garc\u00eda<\/p>\n<p>A partir de los a\u00f1os 60 los habitantes empezaron a emigrar a los pueblos de alrededor y las ciudades cercanas en busca de una mejor calidad de vida y servicios.<\/p>\n<h3><span class=\"ez-toc-section\" id=\"19_Bubal_Huesca\"><\/span>19. B\u00fabal (Huesca)<span class=\"ez-toc-section-end\"><\/span><\/h3>\n<p>B\u00fabal es otro ejemplo de pueblo abandonado a causa de la construcci\u00f3n de un pantano, en este caso llamado por el mismo nombre que el pueblo.<\/p>\n<p style=\"text-align: center;\"><a href=\"https:\/\/www.sensacionrural.es\/blog\/wp-content\/uploads\/2017\/11\/bubal.jpg\" data-rel=\"penci-gallery-image-content\"  rel=\"attachment wp-att-8720\"><img loading=\"lazy\" decoding=\"async\" class=\"aligncenter size-full wp-image-8720\" src=\"https:\/\/www.sensacionrural.es\/blog\/wp-content\/uploads\/2017\/11\/bubal.jpg\" alt=\"bubal\" width=\"640\" height=\"426\" srcset=\"https:\/\/www.sensacionrural.es\/blog\/wp-content\/uploads\/2017\/11\/bubal.jpg 640w, https:\/\/www.sensacionrural.es\/blog\/wp-content\/uploads\/2017\/11\/bubal-300x200.jpg 300w, https:\/\/www.sensacionrural.es\/blog\/wp-content\/uploads\/2017\/11\/bubal-600x399.jpg 600w\" sizes=\"(max-width: 640px) 100vw, 640px\" \/><\/a><\/p>\n<p style=\"text-align: center;\">Willtron<\/p>\n<p>Cuando se construy\u00f3 este pantano\u00a0 se inund\u00f3 gran parte de las tierras que destinaba B\u00fabal a la agricultura y gran parte del pueblo, lo que conllevo que los habitantes se fueran. No obstante, al quedar la parte alta sin destruir, se inici\u00f3 un programa de rehabilitaci\u00f3n en el que numerosos j\u00f3venes acuden de campamentos y ayudan a conseguirlo.<\/p>\n<h3><span class=\"ez-toc-section\" id=\"20_Avellanosa_de_Rioja_Burgos\"><\/span>20. Avellanosa de Rioja (Burgos)<span class=\"ez-toc-section-end\"><\/span><\/h3>\n<p>El espectacular conjunto arquitect\u00f3nico de Avellanosa de Rioja se encuentra en la provincia de Burgos en un lugar aislado, ya que se sit\u00faa en el fondo de un estrecho valle. Con dificultades de comunicaci\u00f3n y nevadas que les dejaban aislados, en su \u00e9poca de m\u00e1s esplendor exist\u00edan 40 casas con sus respectivos habitantes.<\/p>\n<p style=\"text-align: center;\"><a href=\"https:\/\/www.sensacionrural.es\/blog\/wp-content\/uploads\/2017\/11\/avellanosa-rioja.jpg\" data-rel=\"penci-gallery-image-content\"  rel=\"attachment wp-att-8721\"><img loading=\"lazy\" decoding=\"async\" class=\"aligncenter size-full wp-image-8721\" src=\"https:\/\/www.sensacionrural.es\/blog\/wp-content\/uploads\/2017\/11\/avellanosa-rioja.jpg\" alt=\"avellanosa rioja\" width=\"640\" height=\"425\" srcset=\"https:\/\/www.sensacionrural.es\/blog\/wp-content\/uploads\/2017\/11\/avellanosa-rioja.jpg 640w, https:\/\/www.sensacionrural.es\/blog\/wp-content\/uploads\/2017\/11\/avellanosa-rioja-300x199.jpg 300w, https:\/\/www.sensacionrural.es\/blog\/wp-content\/uploads\/2017\/11\/avellanosa-rioja-600x398.jpg 600w\" sizes=\"(max-width: 640px) 100vw, 640px\" \/><\/a><\/p>\n<p style=\"text-align: center;\">Juanje 2712<\/p>\n<p>Pero en los a\u00f1os 60 se empez\u00f3 a movilizar la emigraci\u00f3n de los j\u00f3venes que quer\u00edan cambiar de estilo de vida. No obstante, quedaron tres personas, hasta que en el a\u00f1o 2000 dos de ellas murieron y la tercera decidi\u00f3 irse a un pueblo cercano. Hoy en d\u00eda, son tres los habitantes permanentes en su poblaci\u00f3n.<\/p>\n<h3><span class=\"ez-toc-section\" id=\"21_Gallicant_Tarragona\"><\/span>21. Gallicant (Tarragona)<span class=\"ez-toc-section-end\"><\/span><\/h3>\n<p>Gallicant es uno de los pueblos m\u00e1s antiguos de la Comarca del Priorat, en Tarragona , y uno de los que estaban en el camino romano hacia Vic.<\/p>\n<p style=\"text-align: center;\"><a href=\"https:\/\/www.sensacionrural.es\/blog\/wp-content\/uploads\/2017\/11\/gallicant.jpg\" data-rel=\"penci-gallery-image-content\"  rel=\"attachment wp-att-8722\"><img loading=\"lazy\" decoding=\"async\" class=\"aligncenter size-full wp-image-8722\" src=\"https:\/\/www.sensacionrural.es\/blog\/wp-content\/uploads\/2017\/11\/gallicant.jpg\" alt=\"gallicant\" width=\"640\" height=\"272\" srcset=\"https:\/\/www.sensacionrural.es\/blog\/wp-content\/uploads\/2017\/11\/gallicant.jpg 640w, https:\/\/www.sensacionrural.es\/blog\/wp-content\/uploads\/2017\/11\/gallicant-300x128.jpg 300w, https:\/\/www.sensacionrural.es\/blog\/wp-content\/uploads\/2017\/11\/gallicant-600x255.jpg 600w\" sizes=\"(max-width: 640px) 100vw, 640px\" \/><\/a><\/p>\n<p style=\"text-align: center;\">Mar\u00eda Luisa<\/p>\n<p>Debido a su falta de comunicaci\u00f3n, sus habitantes decidieron emigrar a Arbol\u00ed en 1950, dejando atr\u00e1s edificaciones que datan de 1720. Hoy en d\u00eda, podemos visitar sus ruinas, pero lo mejor es las vistas al monte Gallicant y al pantano de Siurana.<\/p>\n<h3><span class=\"ez-toc-section\" id=\"22_Janovas_Huesca\"><\/span>22. J\u00e1novas (Huesca)<span class=\"ez-toc-section-end\"><\/span><\/h3>\n<p>Un paseo por las calles del pueblo pirenaico abandonado de J\u00e1novas y sus ruinas nos permite adivinar c\u00f3mo era la vida de sus habitantes en su m\u00e1ximo esplendor.<\/p>\n<p style=\"text-align: center;\"><a href=\"https:\/\/www.sensacionrural.es\/blog\/wp-content\/uploads\/2017\/11\/janovas.jpg\" data-rel=\"penci-gallery-image-content\"  rel=\"attachment wp-att-8723\"><img loading=\"lazy\" decoding=\"async\" class=\"aligncenter size-full wp-image-8723\" src=\"https:\/\/www.sensacionrural.es\/blog\/wp-content\/uploads\/2017\/11\/janovas.jpg\" alt=\"janovas\" width=\"640\" height=\"423\" srcset=\"https:\/\/www.sensacionrural.es\/blog\/wp-content\/uploads\/2017\/11\/janovas.jpg 640w, https:\/\/www.sensacionrural.es\/blog\/wp-content\/uploads\/2017\/11\/janovas-300x198.jpg 300w, https:\/\/www.sensacionrural.es\/blog\/wp-content\/uploads\/2017\/11\/janovas-600x397.jpg 600w\" sizes=\"(max-width: 640px) 100vw, 640px\" \/><\/a><\/p>\n<p style=\"text-align: center;\">Juanje 2712<\/p>\n<p>En los a\u00f1os 50, los habitantes de J\u00e1novas sufrieron un gran acoso por parte del Gobierno para que abandonaran el pueblo con el objetivo de construir un pantano que nunca fue llevado a cabo. A d\u00eda de hoy, podemos encontrar un resumen de esta triste historia colgada en un muro de una de las casas que quedan en pie.<\/p>\n<h3><span class=\"ez-toc-section\" id=\"23_Cortiguera_Burgos\"><\/span>23. Cortiguera (Burgos)<span class=\"ez-toc-section-end\"><\/span><\/h3>\n<p>Situado en pleno ca\u00f1\u00f3n del Ebro, en la provincia de Burgos, encontramos Cortiguera, un impresionante pueblo medieval que en su \u00e9poca de m\u00e1s esplendor contaba con apenas 20 casas y una presa de molino pesquera que suministraba la energ\u00eda al pueblo.<\/p>\n<p style=\"text-align: center;\"><a href=\"https:\/\/www.sensacionrural.es\/blog\/wp-content\/uploads\/2017\/11\/cortiguera.jpg\" data-rel=\"penci-gallery-image-content\"  rel=\"attachment wp-att-8724\"><img loading=\"lazy\" decoding=\"async\" class=\"aligncenter size-full wp-image-8724\" src=\"https:\/\/www.sensacionrural.es\/blog\/wp-content\/uploads\/2017\/11\/cortiguera.jpg\" alt=\"cortiguera\" width=\"640\" height=\"364\" srcset=\"https:\/\/www.sensacionrural.es\/blog\/wp-content\/uploads\/2017\/11\/cortiguera.jpg 640w, https:\/\/www.sensacionrural.es\/blog\/wp-content\/uploads\/2017\/11\/cortiguera-300x171.jpg 300w, https:\/\/www.sensacionrural.es\/blog\/wp-content\/uploads\/2017\/11\/cortiguera-600x341.jpg 600w\" sizes=\"(max-width: 640px) 100vw, 640px\" \/><\/a><\/p>\n<p style=\"text-align: center;\">Rowandwindwhistler<\/p>\n<p>Tras una riada que se llevo el molino, la mala comunicaci\u00f3n y el poco atractivo para los j\u00f3venes, los habitantes decidieron abandonar el pueblo e irse a vivir a otras poblaciones.<\/p>\n<h3><span class=\"ez-toc-section\" id=\"24_La_Vereda_Guadalajara\"><\/span>24. La Vereda (Guadalajara)<span class=\"ez-toc-section-end\"><\/span><\/h3>\n<p>La Vereda es una de las joyas mejor conservadas de la arquitectura negra de Guadalajara y que hoy en d\u00eda se mantiene gracias a la Asociaci\u00f3n Cultural La Vereda. Situado en un lugar de dif\u00edcil acceso y con pocas infraestructuras, sin agua corriente, sin electricidad y sin m\u00e9dicos se encuentra y encontraba La Vereda.<\/p>\n<p style=\"text-align: center;\"><a href=\"https:\/\/www.sensacionrural.es\/blog\/wp-content\/uploads\/2017\/11\/la-vereda.jpg\" data-rel=\"penci-gallery-image-content\"  rel=\"attachment wp-att-8725\"><img loading=\"lazy\" decoding=\"async\" class=\"aligncenter size-full wp-image-8725\" src=\"https:\/\/www.sensacionrural.es\/blog\/wp-content\/uploads\/2017\/11\/la-vereda.jpg\" alt=\"la vereda\" width=\"640\" height=\"480\" srcset=\"https:\/\/www.sensacionrural.es\/blog\/wp-content\/uploads\/2017\/11\/la-vereda.jpg 640w, https:\/\/www.sensacionrural.es\/blog\/wp-content\/uploads\/2017\/11\/la-vereda-300x225.jpg 300w, https:\/\/www.sensacionrural.es\/blog\/wp-content\/uploads\/2017\/11\/la-vereda-600x450.jpg 600w\" sizes=\"(max-width: 640px) 100vw, 640px\" \/><\/a><\/p>\n<p style=\"text-align: center;\">Diego_Cue<\/p>\n<p>El abandono de este pueblo se dio lugar, por un lado, por la emigraci\u00f3n masiva de sus habitantes a grandes ciudades y por el otro, por la construcci\u00f3n del Embalse de El Vado, que dej\u00f3 aun m\u00e1s aislado al pueblo. En 1976, desde el ICONA intentaron tirar las casas abandonadas pero un grupo de arquitectos lo evitaron.<\/p>\n<h3><span class=\"ez-toc-section\" id=\"25_Muro_de_Bellos_Huesca\"><\/span>25. Muro de Bell\u00f3s (Huesca)<span class=\"ez-toc-section-end\"><\/span><\/h3>\n<p>Enclavado en el Pirineo aragon\u00e9s , en el municipio de Puertolas, se encuentra Muro de Bell\u00f3s, un bonito pueblo de casas conc\u00e9ntricas colocadas estrat\u00e9gicamente para la defensa del pueblo.<\/p>\n<p style=\"text-align: center;\"><a href=\"https:\/\/www.sensacionrural.es\/blog\/wp-content\/uploads\/2017\/11\/muro-bellos.jpg\" data-rel=\"penci-gallery-image-content\"  rel=\"attachment wp-att-8726\"><img loading=\"lazy\" decoding=\"async\" class=\"aligncenter size-full wp-image-8726\" src=\"https:\/\/www.sensacionrural.es\/blog\/wp-content\/uploads\/2017\/11\/muro-bellos.jpg\" alt=\"muro bellos\" width=\"640\" height=\"480\" srcset=\"https:\/\/www.sensacionrural.es\/blog\/wp-content\/uploads\/2017\/11\/muro-bellos.jpg 640w, https:\/\/www.sensacionrural.es\/blog\/wp-content\/uploads\/2017\/11\/muro-bellos-300x225.jpg 300w, https:\/\/www.sensacionrural.es\/blog\/wp-content\/uploads\/2017\/11\/muro-bellos-600x450.jpg 600w\" sizes=\"(max-width: 640px) 100vw, 640px\" \/><\/a><\/p>\n<p style=\"text-align: center;\">Juan R. Lascorz<\/p>\n<p>La raz\u00f3n del abandono de este pueblo, con su bonita plaza e iglesia, es como en muchos otros pueblos la emigraci\u00f3n de sus habitantes a ciudades o pueblos m\u00e1s grandes en busca de otro estilo de vida. No obstante, en este pueblo quedaron dos personas hasta 2002. Hoy en d\u00eda es incre\u00edble pasear por sus calles, pero m\u00e1s si cabe las vistas que podemos observar desde Muro de Bell\u00f3s.<\/p>\n<h3><span class=\"ez-toc-section\" id=\"26_La_Escurquilla_La_Rioja\"><\/span>26. La Escurquilla (La Rioja)<span class=\"ez-toc-section-end\"><\/span><\/h3>\n<p>El pueblo riojano de La Escurquilla lleg\u00f3 a contar con una veintena de casas y con luz el\u00e9ctrica, pero los habitantes poco a poco se fueron marchando en busca de mejores medios de vida a otros pueblos y ciudades, dejando el pueblo totalmente abandonado, con la partida del \u00faltimo matrimonio en el a\u00f1o 1963.<\/p>\n<p style=\"text-align: center;\"><a href=\"https:\/\/www.sensacionrural.es\/blog\/wp-content\/uploads\/2017\/11\/la-escurquilla.jpg\" data-rel=\"penci-gallery-image-content\"  rel=\"attachment wp-att-8727\"><img loading=\"lazy\" decoding=\"async\" class=\"aligncenter size-full wp-image-8727\" src=\"https:\/\/www.sensacionrural.es\/blog\/wp-content\/uploads\/2017\/11\/la-escurquilla.jpg\" alt=\"la escurquilla\" width=\"640\" height=\"480\" srcset=\"https:\/\/www.sensacionrural.es\/blog\/wp-content\/uploads\/2017\/11\/la-escurquilla.jpg 640w, https:\/\/www.sensacionrural.es\/blog\/wp-content\/uploads\/2017\/11\/la-escurquilla-300x225.jpg 300w, https:\/\/www.sensacionrural.es\/blog\/wp-content\/uploads\/2017\/11\/la-escurquilla-600x450.jpg 600w\" sizes=\"(max-width: 640px) 100vw, 640px\" \/><\/a><\/p>\n<p style=\"text-align: center;\">Pigmento Azul<\/p>\n<p>Hoy en d\u00eda, visitar este pueblo te transporta a los d\u00edas felices y con vida de La Escurquilla.<\/p>\n<h3><span class=\"ez-toc-section\" id=\"27_La_Mata_Soria\"><\/span>27. La Mata (Soria)<span class=\"ez-toc-section-end\"><\/span><\/h3>\n<p>La Mata es un peque\u00f1o pueblo situado en una loma donde hoy en d\u00eda casi no se pueden distinguir las ruinas de las casas que quedan en pie debido a la maleza que ha nacido entre sus calles. No obstante, se pueden distinguir perfectamente la iglesia y los restos de la fuente.<\/p>\n<p style=\"text-align: center;\"><a href=\"https:\/\/www.sensacionrural.es\/blog\/wp-content\/uploads\/2017\/11\/la-mata.jpg\" data-rel=\"penci-gallery-image-content\"  rel=\"attachment wp-att-8728\"><img loading=\"lazy\" decoding=\"async\" class=\"aligncenter size-full wp-image-8728\" src=\"https:\/\/www.sensacionrural.es\/blog\/wp-content\/uploads\/2017\/11\/la-mata.jpg\" alt=\"la mata\" width=\"640\" height=\"342\" srcset=\"https:\/\/www.sensacionrural.es\/blog\/wp-content\/uploads\/2017\/11\/la-mata.jpg 640w, https:\/\/www.sensacionrural.es\/blog\/wp-content\/uploads\/2017\/11\/la-mata-300x160.jpg 300w, https:\/\/www.sensacionrural.es\/blog\/wp-content\/uploads\/2017\/11\/la-mata-600x321.jpg 600w\" sizes=\"(max-width: 640px) 100vw, 640px\" \/><\/a><\/p>\n<p style=\"text-align: center;\">Miguel \u00c1ngel Garc\u00eda<\/p>\n<p>Al igual que en muchos otros pueblos sorianos, en los a\u00f1os 60 se realiz\u00f3 la despoblaci\u00f3n total del pueblo debido a la emigraci\u00f3n de los mismos en busca de una mejora en su calidad de vida.<\/p>\n<h3><span class=\"ez-toc-section\" id=\"28_Aramunt_Vell_Lleida\"><\/span>28. Aramunt Vell (Lleida)<span class=\"ez-toc-section-end\"><\/span><\/h3>\n<p>Aramunt Vell es un pueblo medieval inmortalizado en el tiempo y localizado en Lleida, el cual se divid\u00eda en dos poderosas zonas, una de ellas hoy en d\u00eda sumergida en el pantano y que adem\u00e1s contaba con un castillo, del que quedan sus ruinas.<\/p>\n<p style=\"text-align: center;\"><a href=\"https:\/\/www.sensacionrural.es\/blog\/wp-content\/uploads\/2017\/11\/aramunt-vell.jpg\" data-rel=\"penci-gallery-image-content\"  rel=\"attachment wp-att-8729\"><img loading=\"lazy\" decoding=\"async\" class=\"aligncenter size-full wp-image-8729\" src=\"https:\/\/www.sensacionrural.es\/blog\/wp-content\/uploads\/2017\/11\/aramunt-vell.jpg\" alt=\"aramunt vell\" width=\"640\" height=\"480\" srcset=\"https:\/\/www.sensacionrural.es\/blog\/wp-content\/uploads\/2017\/11\/aramunt-vell.jpg 640w, https:\/\/www.sensacionrural.es\/blog\/wp-content\/uploads\/2017\/11\/aramunt-vell-300x225.jpg 300w, https:\/\/www.sensacionrural.es\/blog\/wp-content\/uploads\/2017\/11\/aramunt-vell-600x450.jpg 600w\" sizes=\"(max-width: 640px) 100vw, 640px\" \/><\/a><\/p>\n<p style=\"text-align: center;\">Gustau Erill i Pinyot<\/p>\n<p>Este pueblo fue abandonado a principios del siglo XX, aunque fue utilizado como refugio en la Guerra Civil, lo que provoc\u00f3 que las casas que quedaban se debilitaran. M\u00e1s adelante, en 1969 se intent\u00f3 repoblar pero no se consigui\u00f3. En estos tiempos, se pueden visitar sus ruinas y se puede observar su preciosa iglesia, la cual est\u00e1 en proceso de reconstrucci\u00f3n.<\/p>\n<h3><span class=\"ez-toc-section\" id=\"29_Pena_Navarra\"><\/span>29. Pe\u00f1a (Navarra)<span class=\"ez-toc-section-end\"><\/span><\/h3>\n<p>Enclavado en una colina, en donde las casas en ruinas parecen que van a caer rodando por la ladera encontramos a este enigm\u00e1tico pueblo de Navarra: Pe\u00f1a.<\/p>\n<p style=\"text-align: center;\"><a href=\"https:\/\/www.sensacionrural.es\/blog\/wp-content\/uploads\/2017\/11\/pena-navarra.jpg\" data-rel=\"penci-gallery-image-content\"  rel=\"attachment wp-att-8730\"><img loading=\"lazy\" decoding=\"async\" class=\"aligncenter size-full wp-image-8730\" src=\"https:\/\/www.sensacionrural.es\/blog\/wp-content\/uploads\/2017\/11\/pena-navarra.jpg\" alt=\"pe\u00f1a navarra\" width=\"639\" height=\"428\" srcset=\"https:\/\/www.sensacionrural.es\/blog\/wp-content\/uploads\/2017\/11\/pena-navarra.jpg 639w, https:\/\/www.sensacionrural.es\/blog\/wp-content\/uploads\/2017\/11\/pena-navarra-300x201.jpg 300w, https:\/\/www.sensacionrural.es\/blog\/wp-content\/uploads\/2017\/11\/pena-navarra-600x402.jpg 600w\" sizes=\"(max-width: 639px) 100vw, 639px\" \/><\/a><\/p>\n<p style=\"text-align: center;\">Jialxv<\/p>\n<p>Esta villa se encontraba bajo propiedad de una familia, quienes arrendaban las casas a los vecinos. A lo largo del tiempo, con la finalizaci\u00f3n de esos arrendamientos y con la emigraci\u00f3n en busca de mejores condiciones de vida, los habitantes de Pe\u00f1a desalojaron el pueblo hasta quedar abandonado. Cuentan los antiguos lugare\u00f1os que un d\u00eda se estrell\u00f3 un avi\u00f3n de la Segunda Guerra Mundial, y que su piloto fue enterrado en Pe\u00f1a.<\/p>\n<h3><span class=\"ez-toc-section\" id=\"30_Manzanares_Soria\"><\/span>30. Manzanares (Soria)<span class=\"ez-toc-section-end\"><\/span><\/h3>\n<p>Sobre el r\u00edo Manzanares,\u00a0 del cual recibe su nombre, encontramos a este majestuoso pueblo soriano que qued\u00f3 deshabitado en su totalidad en los a\u00f1os 70, hasta que un grupo de personas en los a\u00f1os 90 ocuparon alguna casa y crearon la Colectividad rural anarquista de Manzanares.<\/p>\n<p style=\"text-align: center;\"><a href=\"https:\/\/www.sensacionrural.es\/blog\/wp-content\/uploads\/2017\/11\/manzanares.jpg\" data-rel=\"penci-gallery-image-content\"  rel=\"attachment wp-att-8731\"><img loading=\"lazy\" decoding=\"async\" class=\"aligncenter size-full wp-image-8731\" src=\"https:\/\/www.sensacionrural.es\/blog\/wp-content\/uploads\/2017\/11\/manzanares.jpg\" alt=\"manzanares\" width=\"640\" height=\"480\" srcset=\"https:\/\/www.sensacionrural.es\/blog\/wp-content\/uploads\/2017\/11\/manzanares.jpg 640w, https:\/\/www.sensacionrural.es\/blog\/wp-content\/uploads\/2017\/11\/manzanares-300x225.jpg 300w, https:\/\/www.sensacionrural.es\/blog\/wp-content\/uploads\/2017\/11\/manzanares-600x450.jpg 600w\" sizes=\"(max-width: 640px) 100vw, 640px\" \/><\/a><\/p>\n<p style=\"text-align: center;\">Rowandwindwhistler<\/p>\n<p>El abandono de Manzanares comenz\u00f3 en los a\u00f1os 50 y 60, cuando los habitantes iniciaron su emigraci\u00f3n en busca de una mejor calidad de vida que la que les ofrec\u00eda el campo.<\/p>\n<h3><span class=\"ez-toc-section\" id=\"31_Fresno_del_Torote_Comunidad_de_Madrid\"><\/span>31. Fresno del Torote (Comunidad de Madrid)<span class=\"ez-toc-section-end\"><\/span><\/h3>\n<p>Fresno del Torote es un pueblo de Madrid semiabandonado y de propiedad privada. El caso de Fresno del Torote es muy particular, ya que en \u00e9l hay censadas 1300 personas pero cuando visitas el pueblo no hay\u00a0 casi nadie, todo est\u00e1 abandonado.<\/p>\n<p style=\"text-align: center;\"><a href=\"https:\/\/www.sensacionrural.es\/blog\/wp-content\/uploads\/2017\/11\/fresno-torote.jpg\" data-rel=\"penci-gallery-image-content\"  rel=\"attachment wp-att-8732\"><img loading=\"lazy\" decoding=\"async\" class=\"aligncenter size-full wp-image-8732\" src=\"https:\/\/www.sensacionrural.es\/blog\/wp-content\/uploads\/2017\/11\/fresno-torote.jpg\" alt=\"fresno torote\" width=\"640\" height=\"480\" srcset=\"https:\/\/www.sensacionrural.es\/blog\/wp-content\/uploads\/2017\/11\/fresno-torote.jpg 640w, https:\/\/www.sensacionrural.es\/blog\/wp-content\/uploads\/2017\/11\/fresno-torote-300x225.jpg 300w, https:\/\/www.sensacionrural.es\/blog\/wp-content\/uploads\/2017\/11\/fresno-torote-600x450.jpg 600w\" sizes=\"(max-width: 640px) 100vw, 640px\" \/><\/a><\/p>\n<p style=\"text-align: center;\">Comunidad de Madrid<\/p>\n<p>El abandono proviene de la emigraci\u00f3n de los habitantes a otras zonas donde hay m\u00e1s servicios, por lo que las pocas casas que est\u00e1n abiertas son habitadas por los trabajadores de las tierras de alrededor.<\/p>\n<h3><span class=\"ez-toc-section\" id=\"32_Villar_de_Matacabras_Avila\"><\/span>32. Villar de Matacabras (\u00c1vila)<span class=\"ez-toc-section-end\"><\/span><\/h3>\n<p>Villar de Matacabras es un pueblo abulense que se encuentra situado al lado de la carretera, lugar desde donde se puede ver a simple vista las pocas casas que quedan en ruinas. De todas sus ruinas, la iglesia es la que mejor se conserva. No obstante, sus puertas est\u00e1n tapiadas para evitar que se estropee m\u00e1s.<\/p>\n<p style=\"text-align: center;\"><a href=\"https:\/\/www.sensacionrural.es\/blog\/wp-content\/uploads\/2017\/11\/villar-matacabras.jpg\" data-rel=\"penci-gallery-image-content\"  rel=\"attachment wp-att-8733\"><img loading=\"lazy\" decoding=\"async\" class=\"aligncenter size-full wp-image-8733\" src=\"https:\/\/www.sensacionrural.es\/blog\/wp-content\/uploads\/2017\/11\/villar-matacabras.jpg\" alt=\"villar matacabras\" width=\"640\" height=\"480\" srcset=\"https:\/\/www.sensacionrural.es\/blog\/wp-content\/uploads\/2017\/11\/villar-matacabras.jpg 640w, https:\/\/www.sensacionrural.es\/blog\/wp-content\/uploads\/2017\/11\/villar-matacabras-300x225.jpg 300w, https:\/\/www.sensacionrural.es\/blog\/wp-content\/uploads\/2017\/11\/villar-matacabras-600x450.jpg 600w\" sizes=\"(max-width: 640px) 100vw, 640px\" \/><\/a><\/p>\n<p style=\"text-align: center;\">Javiermes<\/p>\n<p>Este pueblo fue abandonado totalmente hace cinco a\u00f1os, cuando muri\u00f3 el \u00faltimo habitante del mismo. Anteriormente, se qued\u00f3 pr\u00e1cticamente abandonado por el transvase de sus habitantes a otros pueblos.<\/p>\n<h3><span class=\"ez-toc-section\" id=\"33_Rebollosa_de_los_Escuderos_Soria\"><\/span>33. Rebollosa de los Escuderos (Soria)<span class=\"ez-toc-section-end\"><\/span><\/h3>\n<p>Situado en Soria nos encontramos con Rebollosa de los Escuderos , un pueblo del cual hoy en d\u00eda apenas sigue en pie, pues sus casas est\u00e1n pr\u00e1cticamente destruidas, quedando solo visible la parte central de su iglesia.<\/p>\n<p style=\"text-align: center;\"><a href=\"https:\/\/www.sensacionrural.es\/blog\/wp-content\/uploads\/2017\/11\/rebollosa-escuderos.jpg\" data-rel=\"penci-gallery-image-content\"  rel=\"attachment wp-att-8734\"><img loading=\"lazy\" decoding=\"async\" class=\"aligncenter size-full wp-image-8734\" src=\"https:\/\/www.sensacionrural.es\/blog\/wp-content\/uploads\/2017\/11\/rebollosa-escuderos.jpg\" alt=\"rebollosa escuderos\" width=\"640\" height=\"480\" srcset=\"https:\/\/www.sensacionrural.es\/blog\/wp-content\/uploads\/2017\/11\/rebollosa-escuderos.jpg 640w, https:\/\/www.sensacionrural.es\/blog\/wp-content\/uploads\/2017\/11\/rebollosa-escuderos-300x225.jpg 300w, https:\/\/www.sensacionrural.es\/blog\/wp-content\/uploads\/2017\/11\/rebollosa-escuderos-600x450.jpg 600w\" sizes=\"(max-width: 640px) 100vw, 640px\" \/><\/a><\/p>\n<p style=\"text-align: center;\">Rowanwindwhistler<\/p>\n<p>A partir\u00a0 de los a\u00f1os 70, fue cuando empez\u00f3 a darse la migraci\u00f3n de los habitantes debido a los pocos servicios que ten\u00edan en el pueblo.<\/p>\n<h3><span class=\"ez-toc-section\" id=\"34_Sancti_Petri_Cadiz\"><\/span>34. Sancti Petri (C\u00e1diz)<span class=\"ez-toc-section-end\"><\/span><\/h3>\n<p>Sancti Petri, pueblo pesquero gaditano, se encuentra en proceso de rehabilitaci\u00f3n, donde podemos ver totalmente restauradas la capilla y la casa del Farero, donde se puede comer.<\/p>\n<p style=\"text-align: center;\"><a href=\"https:\/\/www.sensacionrural.es\/blog\/wp-content\/uploads\/2017\/11\/sancti-petri.jpg\" data-rel=\"penci-gallery-image-content\"  rel=\"attachment wp-att-8735\"><img loading=\"lazy\" decoding=\"async\" class=\"aligncenter size-full wp-image-8735\" src=\"https:\/\/www.sensacionrural.es\/blog\/wp-content\/uploads\/2017\/11\/sancti-petri.jpg\" alt=\"sancti petri\" width=\"640\" height=\"427\" srcset=\"https:\/\/www.sensacionrural.es\/blog\/wp-content\/uploads\/2017\/11\/sancti-petri.jpg 640w, https:\/\/www.sensacionrural.es\/blog\/wp-content\/uploads\/2017\/11\/sancti-petri-300x200.jpg 300w, https:\/\/www.sensacionrural.es\/blog\/wp-content\/uploads\/2017\/11\/sancti-petri-600x400.jpg 600w\" sizes=\"(max-width: 640px) 100vw, 640px\" \/><\/a><\/p>\n<p style=\"text-align: center;\">Carlos Alejo<\/p>\n<p>En 1946 fue construido como eventual vivienda de loa almadraberos del at\u00fan, pero en los a\u00f1os 70 este mercado empez\u00f3 a flojear, haciendo que todas las familias se tuvieran que ir en busca de nuevos trabajos, lo que produjo que abandonaran sus casas. Cuentan las leyendas que en una de esas casas se aparece una ni\u00f1a y se suelen escuchar diferentes ruidos muy alejados al mundo de los vivos.<\/p>\n<h3><span class=\"ez-toc-section\" id=\"35_Miravete_de_la_Sierra_Teruel\"><\/span>35. Miravete de la Sierra (Teruel)<span class=\"ez-toc-section-end\"><\/span><\/h3>\n<p>Miravete de la Sierra, con un marcado corte medieval, es ideal para desconectar de la civilizaci\u00f3n y disfrutar de la naturaleza.<\/p>\n<p style=\"text-align: center;\"><a href=\"https:\/\/www.sensacionrural.es\/blog\/wp-content\/uploads\/2017\/11\/miravete-sierra.jpg\" data-rel=\"penci-gallery-image-content\"  rel=\"attachment wp-att-8736\"><img loading=\"lazy\" decoding=\"async\" class=\"aligncenter size-full wp-image-8736\" src=\"https:\/\/www.sensacionrural.es\/blog\/wp-content\/uploads\/2017\/11\/miravete-sierra.jpg\" alt=\"miravet sierra\" width=\"640\" height=\"480\" srcset=\"https:\/\/www.sensacionrural.es\/blog\/wp-content\/uploads\/2017\/11\/miravete-sierra.jpg 640w, https:\/\/www.sensacionrural.es\/blog\/wp-content\/uploads\/2017\/11\/miravete-sierra-300x225.jpg 300w, https:\/\/www.sensacionrural.es\/blog\/wp-content\/uploads\/2017\/11\/miravete-sierra-600x450.jpg 600w\" sizes=\"(max-width: 640px) 100vw, 640px\" \/><\/a><\/p>\n<p style=\"text-align: center;\">Sarandreu84<\/p>\n<p>Conocido por el pueblo en el que nunca pasa nada, Miravete de la Sierra no est\u00e1 totalmente abandonado en la actualidad, ya que se reconstruyeron varia casas convirti\u00e9ndolo en hostal municipal. Adem\u00e1s, esta poblaci\u00f3n cuenta con yacimientos paleontol\u00f3gicos pertenecientes al periodo de tr\u00e1nsito entre el Cret\u00e1cico y el Jur\u00e1sico.<\/p>\n<h3><span class=\"ez-toc-section\" id=\"36_Montargull_Tarragona\"><\/span>36. Montargull (Tarragona)<span class=\"ez-toc-section-end\"><\/span><\/h3>\n<p>En la c\u00faspide de una peque\u00f1a monta\u00f1a en Tarragona, se encuentra Montargull, un peque\u00f1o pueblo que estaba constituido por cinco casas y cuatro mas\u00edas.<\/p>\n<p style=\"text-align: center;\"><a href=\"https:\/\/www.sensacionrural.es\/blog\/wp-content\/uploads\/2017\/11\/montargull.jpg\" data-rel=\"penci-gallery-image-content\"  rel=\"attachment wp-att-8737\"><img loading=\"lazy\" decoding=\"async\" class=\"aligncenter size-full wp-image-8737\" src=\"https:\/\/www.sensacionrural.es\/blog\/wp-content\/uploads\/2017\/11\/montargull.jpg\" alt=\"montargull\" width=\"640\" height=\"480\" srcset=\"https:\/\/www.sensacionrural.es\/blog\/wp-content\/uploads\/2017\/11\/montargull.jpg 640w, https:\/\/www.sensacionrural.es\/blog\/wp-content\/uploads\/2017\/11\/montargull-300x225.jpg 300w, https:\/\/www.sensacionrural.es\/blog\/wp-content\/uploads\/2017\/11\/montargull-600x450.jpg 600w\" sizes=\"(max-width: 640px) 100vw, 640px\" \/><\/a><\/p>\n<p style=\"text-align: center;\">Netol<\/p>\n<p>A pesar de la existencia de luz el\u00e9ctrica y accesibilidad y comunicaci\u00f3n, los habitantes del mismo decidieron emigrar sobre los a\u00f1os 60 en busca de otro lugar donde tuvieran mejor calidad de vida. Hoy en d\u00eda, se pueden ver\u00a0 las ruinas de estas casas. A su vez, los descendientes de los habitantes se re\u00fanen para celebrar Sant Jaume y mantener la llama del recuerdo viva.<\/p>\n<h3><span class=\"ez-toc-section\" id=\"37_Sotillos_de_Caracena_Soria\"><\/span>37. Sotillos de Caracena (Soria)<span class=\"ez-toc-section-end\"><\/span><\/h3>\n<p>Otro claro ejemplo de pueblo castigado por le emigraci\u00f3n Sotillos de Caracena. Este pueblo del municipio de Montejo de Tiermes conserva las ruinas que han quedado de sus casas y sus calles.<\/p>\n<p style=\"text-align: center;\"><a href=\"https:\/\/www.sensacionrural.es\/blog\/wp-content\/uploads\/2017\/11\/sotillos-caracena.jpg\" data-rel=\"penci-gallery-image-content\"  rel=\"attachment wp-att-8738\"><img loading=\"lazy\" decoding=\"async\" class=\"aligncenter size-full wp-image-8738\" src=\"https:\/\/www.sensacionrural.es\/blog\/wp-content\/uploads\/2017\/11\/sotillos-caracena.jpg\" alt=\"sotillos caracena\" width=\"640\" height=\"480\" srcset=\"https:\/\/www.sensacionrural.es\/blog\/wp-content\/uploads\/2017\/11\/sotillos-caracena.jpg 640w, https:\/\/www.sensacionrural.es\/blog\/wp-content\/uploads\/2017\/11\/sotillos-caracena-300x225.jpg 300w, https:\/\/www.sensacionrural.es\/blog\/wp-content\/uploads\/2017\/11\/sotillos-caracena-600x450.jpg 600w\" sizes=\"(max-width: 640px) 100vw, 640px\" \/><\/a><\/p>\n<p style=\"text-align: center;\">Rowandwindwhistler<\/p>\n<p>Hasta hace muy pocos a\u00f1os, Sotillos de Caracena era el elegido para dar conciertos bajo el proyecto \u201cPoblando en Silencio\u201d.<\/p>\n<h3><span class=\"ez-toc-section\" id=\"38_Berfull_Valencia\"><\/span>38. Berfull (Valencia)<span class=\"ez-toc-section-end\"><\/span><\/h3>\n<p>Enclavado en un precioso valle de la provincia de Valencia, encontramos la peque\u00f1a aldea despoblada de Berfull. Destaca por su recinto amurallado de estilo \u00e1rabe, lo que le ha valido para ser catalogado como Bien de Inter\u00e9s Cultural.<\/p>\n<p style=\"text-align: center;\"><a href=\"https:\/\/www.sensacionrural.es\/blog\/wp-content\/uploads\/2017\/11\/berfull.jpg\" data-rel=\"penci-gallery-image-content\"  rel=\"attachment wp-att-8739\"><img loading=\"lazy\" decoding=\"async\" class=\"aligncenter size-full wp-image-8739\" src=\"https:\/\/www.sensacionrural.es\/blog\/wp-content\/uploads\/2017\/11\/berfull.jpg\" alt=\"berfull\" width=\"640\" height=\"360\" srcset=\"https:\/\/www.sensacionrural.es\/blog\/wp-content\/uploads\/2017\/11\/berfull.jpg 640w, https:\/\/www.sensacionrural.es\/blog\/wp-content\/uploads\/2017\/11\/berfull-300x169.jpg 300w, https:\/\/www.sensacionrural.es\/blog\/wp-content\/uploads\/2017\/11\/berfull-600x338.jpg 600w\" sizes=\"(max-width: 640px) 100vw, 640px\" \/><\/a><\/p>\n<p style=\"text-align: center;\">Vicen\u00e7 Salvador Torres Guerola<\/p>\n<p>Actualmente se puede visitar ya que las casas m\u00e1s o menos est\u00e1n en pie, el problema es que muchas de ellas est\u00e1n ocupadas.<\/p>\n<h3><span class=\"ez-toc-section\" id=\"39_Villanueva_del_Jalon_Zaragoza\"><\/span>39. Villanueva del Jal\u00f3n (Zaragoza)<span class=\"ez-toc-section-end\"><\/span><\/h3>\n<p>Villanueva de Jal\u00f3n se encuentra, pr\u00e1cticamente en ruinas, en la comarca de Valdejal\u00f3n, quedando as\u00ed unos pocos monumentos en pie, pero de gran inter\u00e9s hist\u00f3rico y art\u00edstico, como el castillo y la iglesia mud\u00e9jar de Santa Mar\u00eda de la Huerta.<\/p>\n<p style=\"text-align: center;\"><a href=\"https:\/\/www.sensacionrural.es\/blog\/wp-content\/uploads\/2017\/11\/villanueva-jalon.jpg\" data-rel=\"penci-gallery-image-content\"  rel=\"attachment wp-att-8740\"><img loading=\"lazy\" decoding=\"async\" class=\"aligncenter size-full wp-image-8740\" src=\"https:\/\/www.sensacionrural.es\/blog\/wp-content\/uploads\/2017\/11\/villanueva-jalon.jpg\" alt=\"villanueva jalon\" width=\"640\" height=\"427\" srcset=\"https:\/\/www.sensacionrural.es\/blog\/wp-content\/uploads\/2017\/11\/villanueva-jalon.jpg 640w, https:\/\/www.sensacionrural.es\/blog\/wp-content\/uploads\/2017\/11\/villanueva-jalon-300x200.jpg 300w, https:\/\/www.sensacionrural.es\/blog\/wp-content\/uploads\/2017\/11\/villanueva-jalon-600x400.jpg 600w\" sizes=\"(max-width: 640px) 100vw, 640px\" \/><\/a><\/p>\n<p style=\"text-align: center;\">Diego Delso<\/p>\n<p>La raz\u00f3n principal por la que los habitantes decidieron emigrar a localidades cercanas fue la falta de agua que se ten\u00eda en Villanueva del Jal\u00f3n.<\/p>\n<h3><span class=\"ez-toc-section\" id=\"40_Mas_del_Labrador_Teruel\"><\/span>40. Mas del Labrador (Teruel)<span class=\"ez-toc-section-end\"><\/span><\/h3>\n<p>En plena comarca del Matarra\u00f1a, en Teruel, se encuentra Mas del Labrador, el cual tuvo una gran importancia en sus a\u00f1os, llegando incluso\u00a0 a tener una\u00a0 c\u00e1rcel propia.<\/p>\n<p style=\"text-align: center;\"><a href=\"https:\/\/www.sensacionrural.es\/blog\/wp-content\/uploads\/2017\/11\/mas-labrador.jpg\" data-rel=\"penci-gallery-image-content\"  rel=\"attachment wp-att-8741\"><img loading=\"lazy\" decoding=\"async\" class=\"aligncenter size-full wp-image-8741\" src=\"https:\/\/www.sensacionrural.es\/blog\/wp-content\/uploads\/2017\/11\/mas-labrador.jpg\" alt=\"mas labrador\" width=\"640\" height=\"427\" srcset=\"https:\/\/www.sensacionrural.es\/blog\/wp-content\/uploads\/2017\/11\/mas-labrador.jpg 640w, https:\/\/www.sensacionrural.es\/blog\/wp-content\/uploads\/2017\/11\/mas-labrador-300x200.jpg 300w, https:\/\/www.sensacionrural.es\/blog\/wp-content\/uploads\/2017\/11\/mas-labrador-600x400.jpg 600w\" sizes=\"(max-width: 640px) 100vw, 640px\" \/><\/a><\/p>\n<p style=\"text-align: center;\">GFreihalter<\/p>\n<p>Con la Guerra Civil, Mas del Labrador fue el foco de muchos combates, lo que le perjudico bastante y ya en los a\u00f1os 40 casi ning\u00fan vecino quer\u00eda volver a vivir all\u00ed. A partir de aqu\u00ed, ya ser\u00e1 en los a\u00f1os 60 cuando definitivamente queda abandonado. Hoy en d\u00eda, se pueden visitar sus ruinas.<\/p>\n<h3><span class=\"ez-toc-section\" id=\"41_Pinyeres_Tarragona\"><\/span>41. Pinyeres (Tarragona)<span class=\"ez-toc-section-end\"><\/span><\/h3>\n<p>Pinyeres era y es una preciosa localidad, aunque el aislamiento de la misma hacia muy complicada la vida ah\u00ed, lo que provoc\u00f3 que muchos habitantes emigraran.<\/p>\n<p style=\"text-align: center;\"><a href=\"https:\/\/www.sensacionrural.es\/blog\/wp-content\/uploads\/2017\/11\/pinyeres.jpg\" data-rel=\"penci-gallery-image-content\"  rel=\"attachment wp-att-8742\"><img loading=\"lazy\" decoding=\"async\" class=\"aligncenter size-full wp-image-8742\" src=\"https:\/\/www.sensacionrural.es\/blog\/wp-content\/uploads\/2017\/11\/pinyeres.jpg\" alt=\"pinyeres\" width=\"640\" height=\"480\" srcset=\"https:\/\/www.sensacionrural.es\/blog\/wp-content\/uploads\/2017\/11\/pinyeres.jpg 640w, https:\/\/www.sensacionrural.es\/blog\/wp-content\/uploads\/2017\/11\/pinyeres-300x225.jpg 300w, https:\/\/www.sensacionrural.es\/blog\/wp-content\/uploads\/2017\/11\/pinyeres-600x450.jpg 600w\" sizes=\"(max-width: 640px) 100vw, 640px\" \/><\/a><\/p>\n<p style=\"text-align: center;\">Enfo<\/p>\n<p>A partir de los a\u00f1os 70 y durante unos a\u00f1os, Pinyeres daba cobijo a aquellos que iban a cazar por esas zonas. Hoy en d\u00eda, los descendientes de Pinyeres se re\u00fanen el \u00faltimo domingo de agosto a celebrar el d\u00eda de su fiesta.<\/p>\n<h3><span class=\"ez-toc-section\" id=\"42_Villacreces_Valladolid\"><\/span>42. Villacreces (Valladolid)<span class=\"ez-toc-section-end\"><\/span><\/h3>\n<p>En la provincia de Valladolid encontramos Villacreces, del cual solo quedan restos de la torre mud\u00e9jar, desde la que se puede disfrutar de una incre\u00edble vista de la Cordillera Cant\u00e1brica.<\/p>\n<p style=\"text-align: center;\"><a href=\"https:\/\/www.sensacionrural.es\/blog\/wp-content\/uploads\/2017\/11\/villacreces.jpg\" data-rel=\"penci-gallery-image-content\"  rel=\"attachment wp-att-8743\"><img loading=\"lazy\" decoding=\"async\" class=\"aligncenter size-full wp-image-8743\" src=\"https:\/\/www.sensacionrural.es\/blog\/wp-content\/uploads\/2017\/11\/villacreces.jpg\" alt=\"villacreces\" width=\"640\" height=\"480\" srcset=\"https:\/\/www.sensacionrural.es\/blog\/wp-content\/uploads\/2017\/11\/villacreces.jpg 640w, https:\/\/www.sensacionrural.es\/blog\/wp-content\/uploads\/2017\/11\/villacreces-300x225.jpg 300w, https:\/\/www.sensacionrural.es\/blog\/wp-content\/uploads\/2017\/11\/villacreces-600x450.jpg 600w\" sizes=\"(max-width: 640px) 100vw, 640px\" \/><\/a><\/p>\n<p style=\"text-align: center;\">Rub\u00e9n Ojeda<\/p>\n<p>El abandono fue causado por lo mismo que el resto, la emigraci\u00f3n de los habitantes en busca de un lugar mejor. Hoy en d\u00eda, recorrer sus calles nos proyecta un gran sentimiento de paz y melancol\u00eda.<\/p>\n<h3><span class=\"ez-toc-section\" id=\"43_Junez_Zaragoza\"><\/span>43. J\u00fanez (Zaragoza)<span class=\"ez-toc-section-end\"><\/span><\/h3>\n<p>Enclavado a 550 metros de altitud en las Cinco Villas, se encuentra este precioso pueblo abandonado, donde a d\u00eda de hoy se mantienen las casas casi intactas. Hablamos de J\u00fanez.<\/p>\n<p style=\"text-align: center;\"><a href=\"https:\/\/www.sensacionrural.es\/blog\/wp-content\/uploads\/2017\/11\/junez.jpg\" data-rel=\"penci-gallery-image-content\"  rel=\"attachment wp-att-8744\"><img loading=\"lazy\" decoding=\"async\" class=\"aligncenter size-full wp-image-8744\" src=\"https:\/\/www.sensacionrural.es\/blog\/wp-content\/uploads\/2017\/11\/junez.jpg\" alt=\"junez\" width=\"640\" height=\"244\" srcset=\"https:\/\/www.sensacionrural.es\/blog\/wp-content\/uploads\/2017\/11\/junez.jpg 640w, https:\/\/www.sensacionrural.es\/blog\/wp-content\/uploads\/2017\/11\/junez-300x114.jpg 300w, https:\/\/www.sensacionrural.es\/blog\/wp-content\/uploads\/2017\/11\/junez-600x229.jpg 600w\" sizes=\"(max-width: 640px) 100vw, 640px\" \/><\/a><\/p>\n<p style=\"text-align: center;\">Diego Delso<\/p>\n<p>La vida era muy dura en Junez debido a su aislamiento, por ello sus habitantes decidieron emigrar a las localidades m\u00e1s cercanas, dejando abandonado as\u00ed al pueblo.<\/p>\n<h3><span class=\"ez-toc-section\" id=\"44_Garranzo_La_Rioja\"><\/span>44. Garranzo (La Rioja)<span class=\"ez-toc-section-end\"><\/span><\/h3>\n<p>En el municipio de Enciso, La Rioja, se encuentra este pueblo que es el m\u00e1s alto de la comarca y adem\u00e1s uno de los m\u00e1s bonitos. Hablamos de Garranzo. Se cuenta que a finales de los 70 se cerraron las industrias textiles que sustentaban a los habitantes de Garranzo y que por ello se decidi\u00f3 emigrar. No obstante, cuentan las leyendas que el motivo del abandono de este pueblo fue por una plaga de termitas.<\/p>\n<p style=\"text-align: center;\"><a href=\"https:\/\/www.sensacionrural.es\/blog\/wp-content\/uploads\/2017\/11\/garranzo.jpg\" data-rel=\"penci-gallery-image-content\"  rel=\"attachment wp-att-8745\"><img loading=\"lazy\" decoding=\"async\" class=\"aligncenter size-full wp-image-8745\" src=\"https:\/\/www.sensacionrural.es\/blog\/wp-content\/uploads\/2017\/11\/garranzo.jpg\" alt=\"garranzo\" width=\"640\" height=\"389\" srcset=\"https:\/\/www.sensacionrural.es\/blog\/wp-content\/uploads\/2017\/11\/garranzo.jpg 640w, https:\/\/www.sensacionrural.es\/blog\/wp-content\/uploads\/2017\/11\/garranzo-300x182.jpg 300w, https:\/\/www.sensacionrural.es\/blog\/wp-content\/uploads\/2017\/11\/garranzo-600x365.jpg 600w\" sizes=\"(max-width: 640px) 100vw, 640px\" \/><\/a><\/p>\n<p style=\"text-align: center;\">Pigmento Azul<\/p>\n<p>A d\u00eda de hoy se est\u00e1 rehabilitando alguna casa y en la visita adem\u00e1s de ver sus preciosas casas podremos ver huellas de dinosaurios, ya que es un lugar donde hay muchas.<\/p>\n<h3><span class=\"ez-toc-section\" id=\"45_Villanueva_de_Zamajon_Soria\"><\/span>45. Villanueva de Zamaj\u00f3n (Soria)<span class=\"ez-toc-section-end\"><\/span><\/h3>\n<p>Con alrededor de unas 125 habitantes, Villanueva de Zamaj\u00f3n ten\u00eda unos inviernos muy duros y a partir de los a\u00f1os 70 y 80 la emigraci\u00f3n se cebo con esta localidad, dejando\u00a0 deshabitado este pueblo soriano.<\/p>\n<p style=\"text-align: center;\"><a href=\"https:\/\/www.sensacionrural.es\/blog\/wp-content\/uploads\/2017\/11\/villanueva-zamajon.jpg\" data-rel=\"penci-gallery-image-content\"  rel=\"attachment wp-att-8746\"><img loading=\"lazy\" decoding=\"async\" class=\"aligncenter size-full wp-image-8746\" src=\"https:\/\/www.sensacionrural.es\/blog\/wp-content\/uploads\/2017\/11\/villanueva-zamajon.jpg\" alt=\"villanueva zamajon\" width=\"640\" height=\"160\" srcset=\"https:\/\/www.sensacionrural.es\/blog\/wp-content\/uploads\/2017\/11\/villanueva-zamajon.jpg 640w, https:\/\/www.sensacionrural.es\/blog\/wp-content\/uploads\/2017\/11\/villanueva-zamajon-300x75.jpg 300w, https:\/\/www.sensacionrural.es\/blog\/wp-content\/uploads\/2017\/11\/villanueva-zamajon-600x150.jpg 600w\" sizes=\"(max-width: 640px) 100vw, 640px\" \/><\/a><\/p>\n<p style=\"text-align: center;\">Diego Delso<\/p>\n<p>Hoy en d\u00eda, Villanueva de Zamaj\u00f3n est\u00e1 pr\u00e1cticamente intacto, por lo que pasear por sus calles nos trasporta a esa \u00e9poca en la que ni\u00f1os jugaban por las calles.<\/p>\n<p>Como pod\u00e9is ver, existen numerosos pueblos abandonados en Espa\u00f1a que merecen una visita, \u00bfpreparado para conocer todo su rico patrimonio?<\/p>\n","protected":false},"excerpt":{"rendered":"<p>Los pueblos abandonados ya constituyen un paisaje m\u00e1s de Espa\u00f1a. Es triste reconocerlo, pero es&hellip;<\/p>\n","protected":false},"author":4,"featured_media":8699,"comment_status":"open","ping_status":"open","sticky":false,"template":"","format":"standard","meta":{"content-type":"","om_disable_all_campaigns":false,"footnotes":""},"categories":[256],"tags":[280],"aioseo_notices":[],"_links":{"self":[{"href":"https:\/\/www.sensacionrural.es\/blog\/wp-json\/wp\/v2\/posts\/8696"}],"collection":[{"href":"https:\/\/www.sensacionrural.es\/blog\/wp-json\/wp\/v2\/posts"}],"about":[{"href":"https:\/\/www.sensacionrural.es\/blog\/wp-json\/wp\/v2\/types\/post"}],"author":[{"embeddable":true,"href":"https:\/\/www.sensacionrural.es\/blog\/wp-json\/wp\/v2\/users\/4"}],"replies":[{"embeddable":true,"href":"https:\/\/www.sensacionrural.es\/blog\/wp-json\/wp\/v2\/comments?post=8696"}],"version-history":[{"count":50,"href":"https:\/\/www.sensacionrural.es\/blog\/wp-json\/wp\/v2\/posts\/8696\/revisions"}],"predecessor-version":[{"id":24556,"href":"https:\/\/www.sensacionrural.es\/blog\/wp-json\/wp\/v2\/posts\/8696\/revisions\/24556"}],"wp:featuredmedia":[{"embeddable":true,"href":"https:\/\/www.sensacionrural.es\/blog\/wp-json\/wp\/v2\/media\/8699"}],"wp:attachment":[{"href":"https:\/\/www.sensacionrural.es\/blog\/wp-json\/wp\/v2\/media?parent=8696"}],"wp:term":[{"taxonomy":"category","embeddable":true,"href":"https:\/\/www.sensacionrural.es\/blog\/wp-json\/wp\/v2\/categories?post=8696"},{"taxonomy":"post_tag","embeddable":true,"href":"https:\/\/www.sensacionrural.es\/blog\/wp-json\/wp\/v2\/tags?post=8696"}],"curies":[{"name":"wp","href":"https:\/\/api.w.org\/{rel}","templated":true}]}}