{"id":5681,"date":"2017-02-10T12:03:23","date_gmt":"2017-02-10T12:03:23","guid":{"rendered":"http:\/\/sensacionrural.es\/blog\/?p=5681"},"modified":"2023-10-20T08:48:52","modified_gmt":"2023-10-20T08:48:52","slug":"pueblos-romanticos-escaparte-san-valentin","status":"publish","type":"post","link":"https:\/\/www.sensacionrural.es\/blog\/pueblos-romanticos-escaparte-san-valentin\/","title":{"rendered":"10 pueblos rom\u00e1nticos para escaparte en San Valent\u00edn"},"content":{"rendered":"<p>\u00bfQui\u00e9n dijo que el romanticismo hab\u00eda muerto en <strong>San Valent\u00edn<\/strong>? Lo que ya no se llevan son los regalos habituales o los hoteles y ciudades donde no se cuidan los detalles.<!--more--><\/p>\n<div id=\"ez-toc-container\" class=\"ez-toc-v2_0_69_1 ez-toc-wrap-center counter-hierarchy ez-toc-counter ez-toc-grey ez-toc-container-direction\">\n<div class=\"ez-toc-title-container\">\n<p class=\"ez-toc-title \" >&Iacute;ndice de contenidos<\/p>\n<span class=\"ez-toc-title-toggle\"><a href=\"#\" class=\"ez-toc-pull-right ez-toc-btn ez-toc-btn-xs ez-toc-btn-default ez-toc-toggle\" aria-label=\"Toggle Table of Content\"><span class=\"ez-toc-js-icon-con\"><span class=\"\"><span class=\"eztoc-hide\" style=\"display:none;\">Toggle<\/span><span class=\"ez-toc-icon-toggle-span\"><svg style=\"fill: #999;color:#999\" xmlns=\"http:\/\/www.w3.org\/2000\/svg\" class=\"list-377408\" width=\"20px\" height=\"20px\" viewBox=\"0 0 24 24\" fill=\"none\"><path d=\"M6 6H4v2h2V6zm14 0H8v2h12V6zM4 11h2v2H4v-2zm16 0H8v2h12v-2zM4 16h2v2H4v-2zm16 0H8v2h12v-2z\" fill=\"currentColor\"><\/path><\/svg><svg style=\"fill: #999;color:#999\" class=\"arrow-unsorted-368013\" xmlns=\"http:\/\/www.w3.org\/2000\/svg\" width=\"10px\" height=\"10px\" viewBox=\"0 0 24 24\" version=\"1.2\" baseProfile=\"tiny\"><path d=\"M18.2 9.3l-6.2-6.3-6.2 6.3c-.2.2-.3.4-.3.7s.1.5.3.7c.2.2.4.3.7.3h11c.3 0 .5-.1.7-.3.2-.2.3-.5.3-.7s-.1-.5-.3-.7zM5.8 14.7l6.2 6.3 6.2-6.3c.2-.2.3-.5.3-.7s-.1-.5-.3-.7c-.2-.2-.4-.3-.7-.3h-11c-.3 0-.5.1-.7.3-.2.2-.3.5-.3.7s.1.5.3.7z\"\/><\/svg><\/span><\/span><\/span><\/a><\/span><\/div>\n<nav><ul class='ez-toc-list ez-toc-list-level-1 ' ><li class='ez-toc-page-1 ez-toc-heading-level-2'><a class=\"ez-toc-link ez-toc-heading-1\" href=\"https:\/\/www.sensacionrural.es\/blog\/pueblos-romanticos-escaparte-san-valentin\/#%C2%BFQuieres_sorprender_a_tu_pareja_con_un_plan_distinto\" title=\"\u00bfQuieres sorprender a tu pareja con un plan distinto?\">\u00bfQuieres sorprender a tu pareja con un plan distinto?<\/a><\/li><li class='ez-toc-page-1 ez-toc-heading-level-2'><a class=\"ez-toc-link ez-toc-heading-2\" href=\"https:\/\/www.sensacionrural.es\/blog\/pueblos-romanticos-escaparte-san-valentin\/#Pueblos_romanticos_para_una_escapada\" title=\"Pueblos rom\u00e1nticos para una escapada\">Pueblos rom\u00e1nticos para una escapada<\/a><ul class='ez-toc-list-level-3' ><li class='ez-toc-heading-level-3'><a class=\"ez-toc-link ez-toc-heading-3\" href=\"https:\/\/www.sensacionrural.es\/blog\/pueblos-romanticos-escaparte-san-valentin\/#Besalu\" title=\"Besal\u00fa\">Besal\u00fa<\/a><\/li><li class='ez-toc-page-1 ez-toc-heading-level-3'><a class=\"ez-toc-link ez-toc-heading-4\" href=\"https:\/\/www.sensacionrural.es\/blog\/pueblos-romanticos-escaparte-san-valentin\/#San_Vicente_de_la_Barquera\" title=\"San Vicente de la Barquera\">San Vicente de la Barquera<\/a><\/li><li class='ez-toc-page-1 ez-toc-heading-level-3'><a class=\"ez-toc-link ez-toc-heading-5\" href=\"https:\/\/www.sensacionrural.es\/blog\/pueblos-romanticos-escaparte-san-valentin\/#Binibeca_Vell\" title=\"Binibeca Vell\">Binibeca Vell<\/a><\/li><li class='ez-toc-page-1 ez-toc-heading-level-3'><a class=\"ez-toc-link ez-toc-heading-6\" href=\"https:\/\/www.sensacionrural.es\/blog\/pueblos-romanticos-escaparte-san-valentin\/#Alquezar\" title=\"Alqu\u00e9zar\">Alqu\u00e9zar<\/a><\/li><li class='ez-toc-page-1 ez-toc-heading-level-3'><a class=\"ez-toc-link ez-toc-heading-7\" href=\"https:\/\/www.sensacionrural.es\/blog\/pueblos-romanticos-escaparte-san-valentin\/#Cudillero\" title=\"Cudillero\">Cudillero<\/a><\/li><li class='ez-toc-page-1 ez-toc-heading-level-3'><a class=\"ez-toc-link ez-toc-heading-8\" href=\"https:\/\/www.sensacionrural.es\/blog\/pueblos-romanticos-escaparte-san-valentin\/#Ronda\" title=\"Ronda\">Ronda<\/a><\/li><li class='ez-toc-page-1 ez-toc-heading-level-3'><a class=\"ez-toc-link ez-toc-heading-9\" href=\"https:\/\/www.sensacionrural.es\/blog\/pueblos-romanticos-escaparte-san-valentin\/#Hondarribia\" title=\"Hondarribia\">Hondarribia<\/a><\/li><li class='ez-toc-page-1 ez-toc-heading-level-3'><a class=\"ez-toc-link ez-toc-heading-10\" href=\"https:\/\/www.sensacionrural.es\/blog\/pueblos-romanticos-escaparte-san-valentin\/#Villanueva_de_los_Infantes\" title=\"Villanueva de los Infantes\">Villanueva de los Infantes<\/a><\/li><li class='ez-toc-page-1 ez-toc-heading-level-3'><a class=\"ez-toc-link ez-toc-heading-11\" href=\"https:\/\/www.sensacionrural.es\/blog\/pueblos-romanticos-escaparte-san-valentin\/#Valldemossa\" title=\"Valldemossa\">Valldemossa<\/a><\/li><li class='ez-toc-page-1 ez-toc-heading-level-3'><a class=\"ez-toc-link ez-toc-heading-12\" href=\"https:\/\/www.sensacionrural.es\/blog\/pueblos-romanticos-escaparte-san-valentin\/#Garachico\" title=\"Garachico\">Garachico<\/a><\/li><\/ul><\/li><\/ul><\/nav><\/div>\n<h2><span class=\"ez-toc-section\" id=\"%C2%BFQuieres_sorprender_a_tu_pareja_con_un_plan_distinto\"><\/span>\u00bfQuieres sorprender a tu pareja con un plan distinto?<span class=\"ez-toc-section-end\"><\/span><\/h2>\n<p>Este a\u00f1o, proponemos celebrar el amor con diferentes estilos: <strong>medieval<\/strong>, <strong>marinero<\/strong>, con <strong>pasi\u00f3n andaluza<\/strong> o viviendo una <strong>historia de amor con fondo musical<\/strong>. Hemos elegido lugares pintorescos para sorprender a tu pareja o para organizar juntos una <strong>escapada inolvidable<\/strong>.<\/p>\n<blockquote><p><em><span style=\"color: #80bd03;\"><i class=\"fa fa-home\">\u00a0 \u00a0<\/i><\/span><em>Por cierto, si est\u00e1s buscando una escapada en un alojamiento rom\u00e1ntico, aqu\u00ed te recomendamos una serie de <a href=\"https:\/\/www.sensacionrural.es\/casas-rurales-san-valentin\">casas rurales para San Valent\u00edn<\/a>.<\/em><\/em><\/p><\/blockquote>\n<p style=\"text-align: center;\"><a href=\"https:\/\/www.sensacionrural.es\/blog\/wp-content\/uploads\/2016\/02\/pueblos-romanticos-san-valentin.jpg\" data-rel=\"penci-gallery-image-content\"  rel=\"attachment wp-att-7239\"><img fetchpriority=\"high\" decoding=\"async\" class=\"aligncenter size-full wp-image-7239\" src=\"https:\/\/www.sensacionrural.es\/blog\/wp-content\/uploads\/2016\/02\/pueblos-romanticos-san-valentin.jpg\" alt=\"pueblos romanticos san valentin\" width=\"800\" height=\"416\" srcset=\"https:\/\/www.sensacionrural.es\/blog\/wp-content\/uploads\/2016\/02\/pueblos-romanticos-san-valentin.jpg 800w, https:\/\/www.sensacionrural.es\/blog\/wp-content\/uploads\/2016\/02\/pueblos-romanticos-san-valentin-300x156.jpg 300w, https:\/\/www.sensacionrural.es\/blog\/wp-content\/uploads\/2016\/02\/pueblos-romanticos-san-valentin-768x399.jpg 768w, https:\/\/www.sensacionrural.es\/blog\/wp-content\/uploads\/2016\/02\/pueblos-romanticos-san-valentin-600x312.jpg 600w\" sizes=\"(max-width: 800px) 100vw, 800px\" \/><\/a><\/p>\n<p style=\"text-align: center;\">Kom Bo<\/p>\n<h2><span class=\"ez-toc-section\" id=\"Pueblos_romanticos_para_una_escapada\"><\/span>Pueblos rom\u00e1nticos para una escapada<span class=\"ez-toc-section-end\"><\/span><\/h2>\n<p>Os ense\u00f1amos peque\u00f1os pueblos alejados del mundo donde no nos resultar\u00e1 dif\u00edcil sentirnos acogidos y a gusto, en un entorno rural, para que lo m\u00e1s importante sea tu pareja y nada m\u00e1s.<\/p>\n<h3><span class=\"ez-toc-section\" id=\"Besalu\"><\/span>Besal\u00fa<span class=\"ez-toc-section-end\"><\/span><\/h3>\n<p>A tan s\u00f3lo media hora de Girona capital, nos encontramos con uno de los pueblos medievales m\u00e1s importantes de Catalu\u00f1a: <strong>Besal\u00fa<\/strong>.<\/p>\n<p>Ya s\u00f3lo la entrada del puente rom\u00e1nico nos traslada a un entorno perfecto para pasear junto a tu pareja. \u00bfNo te parece? El puente de Besal\u00fa, del siglo XI, es uno de los m\u00e1s reconocidos y conservados de todos los puentes medievales que tenemos en nuestro pa\u00eds.<\/p>\n<p style=\"text-align: center;\"><a href=\"https:\/\/www.sensacionrural.es\/blog\/wp-content\/uploads\/2016\/02\/puente-besalu.jpg\" data-rel=\"penci-gallery-image-content\"  rel=\"attachment wp-att-5684\"><img decoding=\"async\" class=\"aligncenter wp-image-5684 size-full\" title=\"puente en besalu\" src=\"https:\/\/www.sensacionrural.es\/blog\/wp-content\/uploads\/2016\/02\/puente-besalu.jpg\" alt=\"puente besalu\" width=\"640\" height=\"426\" srcset=\"https:\/\/www.sensacionrural.es\/blog\/wp-content\/uploads\/2016\/02\/puente-besalu.jpg 640w, https:\/\/www.sensacionrural.es\/blog\/wp-content\/uploads\/2016\/02\/puente-besalu-300x200.jpg 300w, https:\/\/www.sensacionrural.es\/blog\/wp-content\/uploads\/2016\/02\/puente-besalu-600x399.jpg 600w\" sizes=\"(max-width: 640px) 100vw, 640px\" \/><\/a><\/p>\n<p style=\"text-align: center;\">Autor: Miquel Gonz\u00e1lez Page<\/p>\n<p>Su laberinto de calles y sus casas de piedra son ideales para una escapada rom\u00e1ntica a pocos kil\u00f3metros del mar donde a la vez disfrutaremos de un enclave rural. Sus habitantes lo saben y han hecho de este lugar uno de los m\u00e1s rom\u00e1nticos de la costa catalana donde encontraremos numerosos restaurantes y casas rurales donde pasar un fin de semana\u00a0 de San Valent\u00edn.<\/p>\n<p>Esta escapada puede ser perfecta para los amantes de las rutas senderistas. Por ejemplo, Besal\u00fa est\u00e1 pr\u00f3ximo al Parque Natural de la Garrotxa, un lugar que nos ofrece la posibilidad de adentrarnos en bosques de cuento, los cuales pueden recorrerse a pie captando fotograf\u00edas que bien podr\u00edan ilustrar cualquier historia de los Hermanos Grimm.<\/p>\n<p style=\"text-align: center;\"><a href=\"https:\/\/www.sensacionrural.es\/blog\/wp-content\/uploads\/2016\/02\/la-garrotxa.jpg\" data-rel=\"penci-gallery-image-content\"  rel=\"attachment wp-att-5685\"><img decoding=\"async\" class=\"aligncenter size-full wp-image-5685\" src=\"https:\/\/www.sensacionrural.es\/blog\/wp-content\/uploads\/2016\/02\/la-garrotxa.jpg\" alt=\"la garrotzxa\" width=\"640\" height=\"438\" srcset=\"https:\/\/www.sensacionrural.es\/blog\/wp-content\/uploads\/2016\/02\/la-garrotxa.jpg 640w, https:\/\/www.sensacionrural.es\/blog\/wp-content\/uploads\/2016\/02\/la-garrotxa-300x205.jpg 300w, https:\/\/www.sensacionrural.es\/blog\/wp-content\/uploads\/2016\/02\/la-garrotxa-600x411.jpg 600w\" sizes=\"(max-width: 640px) 100vw, 640px\" \/><\/a><\/p>\n<p style=\"text-align: center;\"><a rel=\"nofollow\">Miquel Gonz\u00e1lez Page<\/a><\/p>\n<p>Una vez en el pueblo, recomendamos la bicicleta ya que no podremos resistir la tentaci\u00f3n de perdernos por callejuelas en las que el coche est\u00e1 dem\u00e1s.<\/p>\n<p>Hablamos, por ejemplo, del barrio jud\u00edo donde es parada obligada el Miqv\u00e9, una casa de ba\u00f1os rituales \u00fanica en su g\u00e9nero, a la cual la Oficina de Turismo organiza visitas guiadas donde explican historias y leyendas de este pueblo medieval catal\u00e1n.<\/p>\n<p style=\"text-align: center;\"><a href=\"https:\/\/www.sensacionrural.es\/blog\/wp-content\/uploads\/2016\/02\/besalu.jpg\" data-rel=\"penci-gallery-image-content\"  rel=\"attachment wp-att-5686\"><img loading=\"lazy\" decoding=\"async\" class=\"aligncenter wp-image-5686 size-full\" title=\"besalu\" src=\"https:\/\/www.sensacionrural.es\/blog\/wp-content\/uploads\/2016\/02\/besalu.jpg\" alt=\"besalu\" width=\"640\" height=\"427\" srcset=\"https:\/\/www.sensacionrural.es\/blog\/wp-content\/uploads\/2016\/02\/besalu.jpg 640w, https:\/\/www.sensacionrural.es\/blog\/wp-content\/uploads\/2016\/02\/besalu-300x200.jpg 300w, https:\/\/www.sensacionrural.es\/blog\/wp-content\/uploads\/2016\/02\/besalu-600x400.jpg 600w\" sizes=\"(max-width: 640px) 100vw, 640px\" \/><\/a><\/p>\n<p style=\"text-align: center;\">Mariluz Rodr\u00edguez<\/p>\n<p>Tambi\u00e9n podemos visitar la antigua iglesia del monasterio de Sant Pere del siglo XII y la de Sant Vicen\u00e7, la fachada de la antigua iglesia hospital de Sant Juli\u00e0; y la casa de Cornell\u00e0 y la sala g\u00f3tica de la Curia Real.<\/p>\n<p>Y es visita obligada tambi\u00e9n el Museo de las Miniaturas, donde deberemos armarnos de paciencia y unas buenas lentes de aumento para poder disfrutar, por ejemplo, de un dibujo de la Torre Eifel sobre una semilla.<\/p>\n<p>Por \u00faltimo, podemos sorprender a nuestro acompa\u00f1ante en San Valent\u00edn con un paseo en globo para admirar desde las alturas este pueblo medieval catal\u00e1n y poder proclamar nuestro amor a los cuatro vientos disfrutando de un paisaje inmejorable.<\/p>\n<h3><span class=\"ez-toc-section\" id=\"San_Vicente_de_la_Barquera\"><\/span>San Vicente de la Barquera<span class=\"ez-toc-section-end\"><\/span><\/h3>\n<p>En el norte de Cantabria nos encontramos con este precioso y marinero pueblo, ideal para pasar unos d\u00edas en pareja.<\/p>\n<p style=\"text-align: center;\"><a href=\"https:\/\/www.sensacionrural.es\/blog\/wp-content\/uploads\/2016\/02\/san-vicente-barquera.jpg\" data-rel=\"penci-gallery-image-content\"  rel=\"attachment wp-att-7224\"><img loading=\"lazy\" decoding=\"async\" class=\"aligncenter size-full wp-image-7224\" src=\"https:\/\/www.sensacionrural.es\/blog\/wp-content\/uploads\/2016\/02\/san-vicente-barquera.jpg\" alt=\"san vicente de la barquera\" width=\"640\" height=\"440\" srcset=\"https:\/\/www.sensacionrural.es\/blog\/wp-content\/uploads\/2016\/02\/san-vicente-barquera.jpg 640w, https:\/\/www.sensacionrural.es\/blog\/wp-content\/uploads\/2016\/02\/san-vicente-barquera-300x206.jpg 300w, https:\/\/www.sensacionrural.es\/blog\/wp-content\/uploads\/2016\/02\/san-vicente-barquera-600x413.jpg 600w\" sizes=\"(max-width: 640px) 100vw, 640px\" \/><\/a><\/p>\n<p style=\"text-align: center;\">Juan Sevilla<\/p>\n<p>Situado en el coraz\u00f3n del Parque Natural de Oyambre, con un espectacular paraje\u00a0 en el que se mezclan en las r\u00edas los tonos de la naturaleza con la variedad de colores de las barcas presentes, podremos adentrarnos en \u00e9l para conocer sus privilegiadas playas, sus acantilados y sus fuentes, los cuales nos permitir\u00e1n realizar multitud de actividades con nuestra pareja.<\/p>\n<p style=\"text-align: center;\"><a href=\"https:\/\/www.sensacionrural.es\/blog\/wp-content\/uploads\/2016\/02\/san-vicente-barquera-oyambre.jpg\" data-rel=\"penci-gallery-image-content\"  rel=\"attachment wp-att-7225\"><img loading=\"lazy\" decoding=\"async\" class=\"aligncenter size-full wp-image-7225\" src=\"https:\/\/www.sensacionrural.es\/blog\/wp-content\/uploads\/2016\/02\/san-vicente-barquera-oyambre.jpg\" alt=\"san vicente barquera oyambre\" width=\"640\" height=\"427\" srcset=\"https:\/\/www.sensacionrural.es\/blog\/wp-content\/uploads\/2016\/02\/san-vicente-barquera-oyambre.jpg 640w, https:\/\/www.sensacionrural.es\/blog\/wp-content\/uploads\/2016\/02\/san-vicente-barquera-oyambre-300x200.jpg 300w, https:\/\/www.sensacionrural.es\/blog\/wp-content\/uploads\/2016\/02\/san-vicente-barquera-oyambre-600x400.jpg 600w\" sizes=\"(max-width: 640px) 100vw, 640px\" \/><\/a><\/p>\n<p style=\"text-align: center;\">Hornet 18<\/p>\n<p>Despu\u00e9s de dar una vuelta por su especial paraje, es hora de adentrarse en esta villa marinera por excelencia y pasear por sus calles descubriendo el encanto que emana de su arquitectura, sus puentes, su iglesia, su castillo y su muralla.<\/p>\n<p style=\"text-align: center;\"><a href=\"https:\/\/www.sensacionrural.es\/blog\/wp-content\/uploads\/2016\/02\/san-vicente-barquera-playa.jpg\" data-rel=\"penci-gallery-image-content\"  rel=\"attachment wp-att-7226\"><img loading=\"lazy\" decoding=\"async\" class=\"aligncenter size-full wp-image-7226\" src=\"https:\/\/www.sensacionrural.es\/blog\/wp-content\/uploads\/2016\/02\/san-vicente-barquera-playa.jpg\" alt=\"san vicente barquera playa\" width=\"640\" height=\"480\" srcset=\"https:\/\/www.sensacionrural.es\/blog\/wp-content\/uploads\/2016\/02\/san-vicente-barquera-playa.jpg 640w, https:\/\/www.sensacionrural.es\/blog\/wp-content\/uploads\/2016\/02\/san-vicente-barquera-playa-300x225.jpg 300w, https:\/\/www.sensacionrural.es\/blog\/wp-content\/uploads\/2016\/02\/san-vicente-barquera-playa-600x450.jpg 600w\" sizes=\"(max-width: 640px) 100vw, 640px\" \/><\/a><\/p>\n<p style=\"text-align: center;\">Dlmanrg<\/p>\n<p>La visita no puede acabar sin una cena rom\u00e1ntica en uno de sus restaurantes, donde se podr\u00e1 degustar su magn\u00edfica gastronom\u00eda marinera y su famoso sorropot\u00fan o marmita barquere\u00f1a, que est\u00e1 para chuparse los dedos.<\/p>\n<h3><span class=\"ez-toc-section\" id=\"Binibeca_Vell\"><\/span>Binibeca Vell<span class=\"ez-toc-section-end\"><\/span><\/h3>\n<p>\u00c9ste es el lugar id\u00f3neo para descansar y disfrutar de la tranquilidad y del mar con tu pareja. Binibeca Vell es una zona que ha suscitado muchas pol\u00e9micas, puesto que es una recreaci\u00f3n impresionante del t\u00edpico pueblo marinero de Menorca, que fue construido en 1972. Se podr\u00eda decir que es lo \u00fanico artificial en esta maravillosa isla.<\/p>\n<p style=\"text-align: center;\"><a href=\"https:\/\/www.sensacionrural.es\/blog\/wp-content\/uploads\/2016\/02\/binibeca-vell.jpg\" data-rel=\"penci-gallery-image-content\"  rel=\"attachment wp-att-7227\"><img loading=\"lazy\" decoding=\"async\" class=\"aligncenter size-full wp-image-7227\" src=\"https:\/\/www.sensacionrural.es\/blog\/wp-content\/uploads\/2016\/02\/binibeca-vell.jpg\" alt=\"binibeca vell\" width=\"640\" height=\"428\" srcset=\"https:\/\/www.sensacionrural.es\/blog\/wp-content\/uploads\/2016\/02\/binibeca-vell.jpg 640w, https:\/\/www.sensacionrural.es\/blog\/wp-content\/uploads\/2016\/02\/binibeca-vell-300x201.jpg 300w, https:\/\/www.sensacionrural.es\/blog\/wp-content\/uploads\/2016\/02\/binibeca-vell-600x401.jpg 600w\" sizes=\"(max-width: 640px) 100vw, 640px\" \/><\/a><\/p>\n<p style=\"text-align: center;\">Jonybraker<\/p>\n<p>Considerada una de las zonas m\u00e1s visitas en Menorca, pues se encuentra a tan solo 8 kil\u00f3metros de Mah\u00f3n, contiene un maravilloso encanto que se muestra al adentrarse en sus estrechas calles, rodeadas por las t\u00edpicas casas blancas y sus curiosos restaurantes, y que junto al atardecer de sus playas lo convierten en un de los sitios m\u00e1s rom\u00e1nticos de nuestra geograf\u00eda.<\/p>\n<p style=\"text-align: center;\"><a href=\"https:\/\/www.sensacionrural.es\/blog\/wp-content\/uploads\/2016\/02\/binibeca-vell-puerto-1.jpg\" data-rel=\"penci-gallery-image-content\"  rel=\"attachment wp-att-7228\"><img loading=\"lazy\" decoding=\"async\" class=\"aligncenter size-full wp-image-7228\" src=\"https:\/\/www.sensacionrural.es\/blog\/wp-content\/uploads\/2016\/02\/binibeca-vell-puerto-1.jpg\" alt=\"binibeca vell puerto\" width=\"640\" height=\"480\" srcset=\"https:\/\/www.sensacionrural.es\/blog\/wp-content\/uploads\/2016\/02\/binibeca-vell-puerto-1.jpg 640w, https:\/\/www.sensacionrural.es\/blog\/wp-content\/uploads\/2016\/02\/binibeca-vell-puerto-1-300x225.jpg 300w, https:\/\/www.sensacionrural.es\/blog\/wp-content\/uploads\/2016\/02\/binibeca-vell-puerto-1-600x450.jpg 600w\" sizes=\"(max-width: 640px) 100vw, 640px\" \/><\/a><\/p>\n<p style=\"text-align: center;\">Matt Hamm<\/p>\n<p>&nbsp;<\/p>\n<h3><span class=\"ez-toc-section\" id=\"Alquezar\"><\/span>Alqu\u00e9zar<span class=\"ez-toc-section-end\"><\/span><\/h3>\n<p>A escasos 48 kil\u00f3metros de Huesca se encuentra uno de los pueblos m\u00e1s bonitos de Espa\u00f1a y uno de los m\u00e1s visitados: Alqu\u00e9zar. De seguro que os encantar\u00e1 y m\u00e1s si cabe si lo descubres de la mano de tu pareja en una escapada rom\u00e1ntica.<\/p>\n<p style=\"text-align: center;\"><a href=\"https:\/\/www.sensacionrural.es\/blog\/wp-content\/uploads\/2016\/02\/alquezar.jpg\" data-rel=\"penci-gallery-image-content\"  rel=\"attachment wp-att-7223\"><img loading=\"lazy\" decoding=\"async\" class=\"aligncenter size-full wp-image-7223\" src=\"https:\/\/www.sensacionrural.es\/blog\/wp-content\/uploads\/2016\/02\/alquezar.jpg\" alt=\"alquezar\" width=\"640\" height=\"354\" srcset=\"https:\/\/www.sensacionrural.es\/blog\/wp-content\/uploads\/2016\/02\/alquezar.jpg 640w, https:\/\/www.sensacionrural.es\/blog\/wp-content\/uploads\/2016\/02\/alquezar-300x166.jpg 300w, https:\/\/www.sensacionrural.es\/blog\/wp-content\/uploads\/2016\/02\/alquezar-600x332.jpg 600w\" sizes=\"(max-width: 640px) 100vw, 640px\" \/><\/a><\/p>\n<p style=\"text-align: center;\">S. Robles<\/p>\n<p>Alquezar \u00a0re\u00fane historia y leyenda, consiguiendo mantener viva la esencia medieval, por lo que pasear por sus calles\u00a0 y su casco medieval, as\u00ed como visitar sus casas, plazas, su colegiata de Santa Mar\u00eda la Mayor y su castillo del siglo IX, te transportar\u00e1 al pasado y convertir\u00e1 tu visita en un momento \u00fanico.<\/p>\n<p style=\"text-align: center;\"><a href=\"https:\/\/www.sensacionrural.es\/blog\/wp-content\/uploads\/2016\/02\/alquezar-colegiata.jpg\" data-rel=\"penci-gallery-image-content\"  rel=\"attachment wp-att-7231\"><img loading=\"lazy\" decoding=\"async\" class=\"aligncenter size-full wp-image-7231\" src=\"https:\/\/www.sensacionrural.es\/blog\/wp-content\/uploads\/2016\/02\/alquezar-colegiata.jpg\" alt=\"alquezar colegiata\" width=\"500\" height=\"335\" srcset=\"https:\/\/www.sensacionrural.es\/blog\/wp-content\/uploads\/2016\/02\/alquezar-colegiata.jpg 500w, https:\/\/www.sensacionrural.es\/blog\/wp-content\/uploads\/2016\/02\/alquezar-colegiata-300x201.jpg 300w\" sizes=\"(max-width: 500px) 100vw, 500px\" \/><\/a><\/p>\n<p style=\"text-align: center;\">\u00c1ngel<\/p>\n<p>No obstante, si sois una de las parejas que os aman la aventura, Alquezar da la posibilidad de poder realizar rutas de senderismo, barranquismo o escalada por el Parque Natural de Sierra y Ca\u00f1ones de Guara.<\/p>\n<p style=\"text-align: center;\"><a href=\"https:\/\/www.sensacionrural.es\/blog\/wp-content\/uploads\/2016\/02\/alquezar-sierra-guara.jpg\" data-rel=\"penci-gallery-image-content\"  rel=\"attachment wp-att-7232\"><img loading=\"lazy\" decoding=\"async\" class=\"aligncenter size-full wp-image-7232\" src=\"https:\/\/www.sensacionrural.es\/blog\/wp-content\/uploads\/2016\/02\/alquezar-sierra-guara.jpg\" alt=\"alquezar sierra guara\" width=\"640\" height=\"365\" srcset=\"https:\/\/www.sensacionrural.es\/blog\/wp-content\/uploads\/2016\/02\/alquezar-sierra-guara.jpg 640w, https:\/\/www.sensacionrural.es\/blog\/wp-content\/uploads\/2016\/02\/alquezar-sierra-guara-300x171.jpg 300w, https:\/\/www.sensacionrural.es\/blog\/wp-content\/uploads\/2016\/02\/alquezar-sierra-guara-600x342.jpg 600w\" sizes=\"(max-width: 640px) 100vw, 640px\" \/><\/a><\/p>\n<p style=\"text-align: center;\">Hennie Cuper<\/p>\n<h3><span class=\"ez-toc-section\" id=\"Cudillero\"><\/span>Cudillero<span class=\"ez-toc-section-end\"><\/span><\/h3>\n<p>Este peque\u00f1o pueblo asturiano nos permite la posibilidad de visitar, sin recorrer muchos kil\u00f3metros, hasta 23 playas distintas, de las cuales destacan las rodeadas por acantilados de casi 100 metros de altura. Sin duda, un para\u00edso para los amantes de la fotograf\u00eda marinera y de la buena gastronom\u00eda, ya que nos encontramos en uno de los principales puertos del Mar Cant\u00e1brico.<\/p>\n<p style=\"text-align: center;\"><a href=\"https:\/\/www.sensacionrural.es\/blog\/wp-content\/uploads\/2016\/02\/cudillero.jpg\" data-rel=\"penci-gallery-image-content\"  rel=\"attachment wp-att-5682\"><img loading=\"lazy\" decoding=\"async\" class=\"aligncenter wp-image-5682 size-full\" title=\"cudillero\" src=\"https:\/\/www.sensacionrural.es\/blog\/wp-content\/uploads\/2016\/02\/cudillero.jpg\" alt=\"cudillero\" width=\"640\" height=\"438\" srcset=\"https:\/\/www.sensacionrural.es\/blog\/wp-content\/uploads\/2016\/02\/cudillero.jpg 640w, https:\/\/www.sensacionrural.es\/blog\/wp-content\/uploads\/2016\/02\/cudillero-300x205.jpg 300w, https:\/\/www.sensacionrural.es\/blog\/wp-content\/uploads\/2016\/02\/cudillero-600x411.jpg 600w\" sizes=\"(max-width: 640px) 100vw, 640px\" \/><\/a><\/p>\n<p style=\"text-align: center;\">Jos\u00e9 Luis Cernadas Iglesias<\/p>\n<p>Si quer\u00e9is pasar un San Valent\u00edn alejados del mundo, <strong>Cudillero<\/strong> es un pueblo marinero perfecto, donde puedes visitar sus caracter\u00edsticas casas colgantes, dar un paseo por el puerto o ver la salida y entrada de los barcos de noche o al filo de la ma\u00f1ana.<\/p>\n<p style=\"text-align: center;\"><a href=\"https:\/\/www.sensacionrural.es\/blog\/wp-content\/uploads\/2016\/02\/cudillero-playa.jpg\" data-rel=\"penci-gallery-image-content\"  rel=\"attachment wp-att-5683\"><img loading=\"lazy\" decoding=\"async\" class=\"aligncenter wp-image-5683 size-full\" title=\"playa en cudillero\" src=\"https:\/\/www.sensacionrural.es\/blog\/wp-content\/uploads\/2016\/02\/cudillero-playa.jpg\" alt=\"cudillero playa\" width=\"640\" height=\"331\" srcset=\"https:\/\/www.sensacionrural.es\/blog\/wp-content\/uploads\/2016\/02\/cudillero-playa.jpg 640w, https:\/\/www.sensacionrural.es\/blog\/wp-content\/uploads\/2016\/02\/cudillero-playa-300x155.jpg 300w, https:\/\/www.sensacionrural.es\/blog\/wp-content\/uploads\/2016\/02\/cudillero-playa-600x310.jpg 600w\" sizes=\"(max-width: 640px) 100vw, 640px\" \/><\/a><\/p>\n<p style=\"text-align: center;\">Ra\u00fal A.<\/p>\n<p>Merece la pena visitar tambi\u00e9n la Reserva Natural de Barayo, ya que es uno de los pocos lugares donde todav\u00eda pueden verse nutrias en libertad.<\/p>\n<p>Un lugar inolvidable y pintoresco donde pasar un San Valent\u00edn con aroma a mar. \u00bfQuieres visitar Cudillero? Aqu\u00ed te dejamos una lista de <a href=\"https:\/\/www.sensacionrural.es\/casas-rurales-en-asturias\/cudillero_p4486\">casas rurales<\/a> para que pases un fin de semana rom\u00e1ntico.<\/p>\n<h3><span class=\"ez-toc-section\" id=\"Ronda\"><\/span>Ronda<span class=\"ez-toc-section-end\"><\/span><\/h3>\n<p><strong>Ronda<\/strong> es una de las localidades m\u00e1s interesantes y visitadas de toda Andaluc\u00eda y una escapada rom\u00e1ntica, con motivo de San Valent\u00edn, es una buena excusa para conocerlo. Situado en la Serran\u00eda de Ronda, en \u00e9l se mezclan paisaje, romanticismo, historia, tauromaquia y arte, en uno de los enclaves otrora m\u00e1s inaccesibles.<\/p>\n<p style=\"text-align: center;\"><a href=\"https:\/\/www.sensacionrural.es\/blog\/wp-content\/uploads\/2016\/02\/serrania-de-ronda.jpg\" data-rel=\"penci-gallery-image-content\"  rel=\"attachment wp-att-5687\"><img loading=\"lazy\" decoding=\"async\" class=\"aligncenter wp-image-5687 size-full\" title=\"serrania de ronda\" src=\"https:\/\/www.sensacionrural.es\/blog\/wp-content\/uploads\/2016\/02\/serrania-de-ronda.jpg\" alt=\"serrania de ronda\" width=\"640\" height=\"467\" srcset=\"https:\/\/www.sensacionrural.es\/blog\/wp-content\/uploads\/2016\/02\/serrania-de-ronda.jpg 640w, https:\/\/www.sensacionrural.es\/blog\/wp-content\/uploads\/2016\/02\/serrania-de-ronda-300x219.jpg 300w, https:\/\/www.sensacionrural.es\/blog\/wp-content\/uploads\/2016\/02\/serrania-de-ronda-600x438.jpg 600w\" sizes=\"(max-width: 640px) 100vw, 640px\" \/><\/a><\/p>\n<p>El n\u00facleo urbano se divide en tres zonas perfectamente diferenciadas entre s\u00ed: la ciudad o antigua medina \u00e1rabe que, desde el punto de vista hist\u00f3rico, es la m\u00e1s importante; el barrio de San Francisco, separado por las Murallas; y el del Mercadillo, que se encuentra al otro lado del r\u00edo Guadalevin.<\/p>\n<p>El monumento m\u00e1s famoso de este pueblo es el Puente Nuevo, dise\u00f1ado por Jos\u00e9 Martin Aldehuela, en una obra de arquitectura civil que cost\u00f3 en construirse 42 a\u00f1os. Este puente une la parte nueva y vieja de Ronda, sobre una garganta de casi 100 metros de altitud. \u00a1Casi nada!<\/p>\n<p style=\"text-align: center;\"><a href=\"https:\/\/www.sensacionrural.es\/blog\/wp-content\/uploads\/2016\/02\/ronda.jpg\" data-rel=\"penci-gallery-image-content\"  rel=\"attachment wp-att-5688\"><img loading=\"lazy\" decoding=\"async\" class=\"aligncenter wp-image-5688 size-full\" title=\"ronda\" src=\"https:\/\/www.sensacionrural.es\/blog\/wp-content\/uploads\/2016\/02\/ronda.jpg\" alt=\"ronda\" width=\"640\" height=\"520\" srcset=\"https:\/\/www.sensacionrural.es\/blog\/wp-content\/uploads\/2016\/02\/ronda.jpg 640w, https:\/\/www.sensacionrural.es\/blog\/wp-content\/uploads\/2016\/02\/ronda-300x244.jpg 300w, https:\/\/www.sensacionrural.es\/blog\/wp-content\/uploads\/2016\/02\/ronda-600x488.jpg 600w\" sizes=\"(max-width: 640px) 100vw, 640px\" \/><\/a><\/p>\n<p>El hecho de que se aprovechara la propia roca de la garganta hace que sea uno de los monumentos de arquitectura civil mejor implantados en un entorno natural.<\/p>\n<p>Obra del mismo arquitecto es tambi\u00e9n la famosa Plaza de Toros de la Real Maestranza de Ronda. Destacamos como lugares imprescindibles del pueblo los Ba\u00f1os \u00c1rabes, ya que son los mejor conservados de Espa\u00f1a, las Murallas del Carmen, que la hac\u00eda inexpugnable, y la Iglesia del Esp\u00edritu Santo, situada en la misma muralla.<\/p>\n<p>Ronda no es solo historia y cultura, es tambi\u00e9n el hogar de algunas bodegas fant\u00e1sticas y cuenta con rutas oficiales del vino que poco a poco van tomando protagonismo. As\u00ed que se puede finalizar la visita brindando\u00a0 por el amor en San Valent\u00edn.<\/p>\n<p>Si quieres saber m\u00e1s sobre Ronda, puedes ver <a href=\"https:\/\/www.sensacionrural.es\/blog\/viajamos-ronda-malaga\/\">este art\u00edculo<\/a> que realizamos en agosto. Por otro lado, te aconsejamos que busques un <a href=\"https:\/\/www.sensacionrural.es\/casas-rurales\/serrania-de-ronda_z153\">alojamiento rural en la Serran\u00eda de Ronda<\/a> para completar un excelente fin de semana de San Valent\u00edn.<\/p>\n<h3><span class=\"ez-toc-section\" id=\"Hondarribia\"><\/span>Hondarribia<span class=\"ez-toc-section-end\"><\/span><\/h3>\n<p style=\"text-align: center;\"><a href=\"https:\/\/www.sensacionrural.es\/blog\/wp-content\/uploads\/2016\/02\/hondarribia.jpg\" data-rel=\"penci-gallery-image-content\"  rel=\"attachment wp-att-7233\"><img loading=\"lazy\" decoding=\"async\" class=\"aligncenter size-full wp-image-7233\" src=\"https:\/\/www.sensacionrural.es\/blog\/wp-content\/uploads\/2016\/02\/hondarribia.jpg\" alt=\"hondarribia\" width=\"640\" height=\"435\" srcset=\"https:\/\/www.sensacionrural.es\/blog\/wp-content\/uploads\/2016\/02\/hondarribia.jpg 640w, https:\/\/www.sensacionrural.es\/blog\/wp-content\/uploads\/2016\/02\/hondarribia-300x204.jpg 300w, https:\/\/www.sensacionrural.es\/blog\/wp-content\/uploads\/2016\/02\/hondarribia-600x408.jpg 600w\" sizes=\"(max-width: 640px) 100vw, 640px\" \/><\/a><\/p>\n<p>Si quieres pasar unos d\u00edas disfrutando de la buena gastronom\u00eda vasca, \u00e9ste es tu sitio. Hondarribia no solo es uno de los pueblos m\u00e1s encantadores del Pa\u00eds Vasco, podemos afirmar con rotundidad tambi\u00e9n enamora por el est\u00f3mago. Este municipio es ideal para hacer una ruta por sus espectaculares restaurantes y bares de pintxos cocinados por\u00a0 los mejores chefs de Espa\u00f1a. Todos estos bares se encuentran en el Barrio de la Marina.<\/p>\n<p style=\"text-align: center;\"><a href=\"https:\/\/www.sensacionrural.es\/blog\/wp-content\/uploads\/2016\/02\/hondarribia-plaza.jpg\" data-rel=\"penci-gallery-image-content\"  rel=\"attachment wp-att-7235\"><img loading=\"lazy\" decoding=\"async\" class=\"aligncenter size-full wp-image-7235\" src=\"https:\/\/www.sensacionrural.es\/blog\/wp-content\/uploads\/2016\/02\/hondarribia-plaza.jpg\" alt=\"plaza hondarribia\" width=\"640\" height=\"480\" srcset=\"https:\/\/www.sensacionrural.es\/blog\/wp-content\/uploads\/2016\/02\/hondarribia-plaza.jpg 640w, https:\/\/www.sensacionrural.es\/blog\/wp-content\/uploads\/2016\/02\/hondarribia-plaza-300x225.jpg 300w, https:\/\/www.sensacionrural.es\/blog\/wp-content\/uploads\/2016\/02\/hondarribia-plaza-600x450.jpg 600w\" sizes=\"(max-width: 640px) 100vw, 640px\" \/><\/a><\/p>\n<p>No obstante, Hondarribia no solo es comida, sino que es uno de los pueblos m\u00e1s bonitos del Pa\u00eds Vasco, por lo que pasear por su conservado casco antiguo\u00a0 rodeado por una muralla medieval es de obligaci\u00f3n si estas de visita.<\/p>\n<p style=\"text-align: center;\"><a href=\"https:\/\/www.sensacionrural.es\/blog\/wp-content\/uploads\/2016\/02\/hondarribia-entrada.jpg\" data-rel=\"penci-gallery-image-content\"  rel=\"attachment wp-att-7234\"><img loading=\"lazy\" decoding=\"async\" class=\"aligncenter size-full wp-image-7234\" src=\"https:\/\/www.sensacionrural.es\/blog\/wp-content\/uploads\/2016\/02\/hondarribia-entrada.jpg\" alt=\"hondarribia fortaleza\" width=\"640\" height=\"480\" srcset=\"https:\/\/www.sensacionrural.es\/blog\/wp-content\/uploads\/2016\/02\/hondarribia-entrada.jpg 640w, https:\/\/www.sensacionrural.es\/blog\/wp-content\/uploads\/2016\/02\/hondarribia-entrada-300x225.jpg 300w, https:\/\/www.sensacionrural.es\/blog\/wp-content\/uploads\/2016\/02\/hondarribia-entrada-600x450.jpg 600w\" sizes=\"(max-width: 640px) 100vw, 640px\" \/><\/a><\/p>\n<p>Adem\u00e1s, caminar por sus calles te aportar\u00e1 tranquilidad y alegr\u00eda gracias a sus especiales casas vascas con balcones de madera de diferentes colores. Por \u00faltimo, no os pod\u00e9is perder un paseo por sus playas de aguas tranquilas.<\/p>\n<h3><span class=\"ez-toc-section\" id=\"Villanueva_de_los_Infantes\"><\/span>Villanueva de los Infantes<span class=\"ez-toc-section-end\"><\/span><\/h3>\n<p>Y no entendemos por qu\u00e9. Este pueblo singular, situado en el centro del Campo de Montiel (Ciudad Real), es donde comenz\u00f3 \u00a0la historia del ingenioso hidalgo manchego y puede ser el punto de partida de una escapada inolvidable con motivo de San Valent\u00edn.<\/p>\n<p>Casas y palacios de gran belleza, restos de iglesias y conventos, y numerosos edificios civiles de la \u00e9poca barroca y renacentista salpican todo el casco urbano de este pueblo con aire cervantino.<\/p>\n<p style=\"text-align: center;\"><a href=\"https:\/\/www.sensacionrural.es\/blog\/wp-content\/uploads\/2016\/02\/villanueva-infantes.jpg\" data-rel=\"penci-gallery-image-content\"  rel=\"attachment wp-att-5689\"><img loading=\"lazy\" decoding=\"async\" class=\"aligncenter wp-image-5689 size-full\" title=\"villanueva de los infantes\" src=\"https:\/\/www.sensacionrural.es\/blog\/wp-content\/uploads\/2016\/02\/villanueva-infantes.jpg\" alt=\"villanueva de los infantes\" width=\"640\" height=\"310\" srcset=\"https:\/\/www.sensacionrural.es\/blog\/wp-content\/uploads\/2016\/02\/villanueva-infantes.jpg 640w, https:\/\/www.sensacionrural.es\/blog\/wp-content\/uploads\/2016\/02\/villanueva-infantes-300x145.jpg 300w, https:\/\/www.sensacionrural.es\/blog\/wp-content\/uploads\/2016\/02\/villanueva-infantes-600x291.jpg 600w\" sizes=\"(max-width: 640px) 100vw, 640px\" \/><\/a><\/p>\n<p>Paradas obligadas son el Convento de los Trinitarios, la Plaza de la Fuente Vieja y el Templo Parroquial situado en la Plaza Mayor del pueblo. Tambi\u00e9n podr\u00e1s visitar la iglesia de San Andr\u00e9s, donde est\u00e1 enterrado otro de los grandes escritores de nuestra literatura: Francisco de Quevedo.<\/p>\n<p><strong>Villanueva de los Infantes<\/strong> es tambi\u00e9n conocido por su gastronom\u00eda basada en la caza menor y el pisto manchego, los cuales merecen una degustaci\u00f3n tranquila y reposada en alg\u00fan rinc\u00f3n rom\u00e1ntico de los numerosos restaurantes de la localidad.<\/p>\n<p>A pocos kil\u00f3metros del n\u00facleo urbano, se encuentra el Parque Natural de las Lagunas de Ruidera donde se pueden observar el \u00c1guila Perdicera y la Garza Imperial sobrevolando las 15 lagunas que forman saltos de agua y cascadas debido a las formaciones geol\u00f3gicas, proporcionando un oasis singular en la llana y seca Castilla La Mancha.<\/p>\n<p style=\"text-align: center;\"><a href=\"https:\/\/www.sensacionrural.es\/blog\/wp-content\/uploads\/2016\/02\/lagunas-de-ruidera.jpg\" data-rel=\"penci-gallery-image-content\"  rel=\"attachment wp-att-5690\"><img loading=\"lazy\" decoding=\"async\" class=\"aligncenter wp-image-5690 size-full\" title=\"lagunas de ruidera\" src=\"https:\/\/www.sensacionrural.es\/blog\/wp-content\/uploads\/2016\/02\/lagunas-de-ruidera.jpg\" alt=\"lagunas de ruidera\" width=\"640\" height=\"426\" srcset=\"https:\/\/www.sensacionrural.es\/blog\/wp-content\/uploads\/2016\/02\/lagunas-de-ruidera.jpg 640w, https:\/\/www.sensacionrural.es\/blog\/wp-content\/uploads\/2016\/02\/lagunas-de-ruidera-300x200.jpg 300w, https:\/\/www.sensacionrural.es\/blog\/wp-content\/uploads\/2016\/02\/lagunas-de-ruidera-600x399.jpg 600w\" sizes=\"(max-width: 640px) 100vw, 640px\" \/><\/a><\/p>\n<p style=\"text-align: center;\">Ram\u00f3n Portellano<\/p>\n<p>Si quieres pasar un San Valent\u00edn diferente, puedes alojarte en una de las <a href=\"https:\/\/www.sensacionrural.es\/casas-rurales-en-ciudad-real\/villanueva-de-los-infantes_p2668\">casas rurales en Villanueva de los Infantes<\/a> que tenemos en nuestra lista.<\/p>\n<h3><span class=\"ez-toc-section\" id=\"Valldemossa\"><\/span>Valldemossa<span class=\"ez-toc-section-end\"><\/span><\/h3>\n<p>El compositor Fr\u00e9d\u00e9ric Chopin se aloj\u00f3 en La Cartuja de <strong>Valldemossa<\/strong> con su gran amor, la escritora Gerorge Sand, y compuso en un piano que se conserva en la misma celda que alquilaron para su estancia su Preludio Op.28 y ella su famoso libro \u201cUn Invierno en Mallorca\u201d.<\/p>\n<p style=\"text-align: center;\"><a href=\"https:\/\/www.sensacionrural.es\/blog\/wp-content\/uploads\/2016\/02\/calles-valldemossa.jpg\" data-rel=\"penci-gallery-image-content\"  rel=\"attachment wp-att-5691\"><img loading=\"lazy\" decoding=\"async\" class=\"aligncenter size-full wp-image-5691\" src=\"https:\/\/www.sensacionrural.es\/blog\/wp-content\/uploads\/2016\/02\/calles-valldemossa.jpg\" alt=\"calles valldemossa\" width=\"640\" height=\"425\" srcset=\"https:\/\/www.sensacionrural.es\/blog\/wp-content\/uploads\/2016\/02\/calles-valldemossa.jpg 640w, https:\/\/www.sensacionrural.es\/blog\/wp-content\/uploads\/2016\/02\/calles-valldemossa-300x199.jpg 300w, https:\/\/www.sensacionrural.es\/blog\/wp-content\/uploads\/2016\/02\/calles-valldemossa-600x398.jpg 600w\" sizes=\"(max-width: 640px) 100vw, 640px\" \/><\/a><\/p>\n<p style=\"text-align: center;\">Antonio Acu\u00f1a<\/p>\n<p>Para rom\u00e1nticos apasionados de la m\u00fasica y la literatura, proponemos revivir en San Valent\u00edn esta historia en el mismo pueblo de la costa balear donde se desarroll\u00f3.<\/p>\n<p>Sus empinadas y estrechas calles, su historia con ilustres visitantes, sus monumentos, sus hoteles con encanto y su orientaci\u00f3n hacia el turismo, la convierte en uno de los municipios m\u00e1s visitados de la isla.<\/p>\n<p style=\"text-align: center;\"><a href=\"https:\/\/www.sensacionrural.es\/blog\/wp-content\/uploads\/2016\/02\/valldemossa.jpg\" data-rel=\"penci-gallery-image-content\"  rel=\"attachment wp-att-5692\"><img loading=\"lazy\" decoding=\"async\" class=\"aligncenter size-full wp-image-5692\" src=\"https:\/\/www.sensacionrural.es\/blog\/wp-content\/uploads\/2016\/02\/valldemossa.jpg\" alt=\"valldemossa\" width=\"640\" height=\"425\" srcset=\"https:\/\/www.sensacionrural.es\/blog\/wp-content\/uploads\/2016\/02\/valldemossa.jpg 640w, https:\/\/www.sensacionrural.es\/blog\/wp-content\/uploads\/2016\/02\/valldemossa-300x199.jpg 300w, https:\/\/www.sensacionrural.es\/blog\/wp-content\/uploads\/2016\/02\/valldemossa-600x398.jpg 600w\" sizes=\"(max-width: 640px) 100vw, 640px\" \/><\/a><\/p>\n<p style=\"text-align: center;\">Rafel Miro<\/p>\n<p>Paseando por sus calles, tendremos la sensaci\u00f3n de que el tiempo se ha detenido ya que sus habitantes se esfuerzan mucho en la decoraci\u00f3n y la limpieza de este pueblo que parece sacado de un cuento rom\u00e1ntico franc\u00e9s.<\/p>\n<p>Es de visita casi obligada al llegar a la isla, la Real Cartuja, el Palacio del Rey Sancho o la casa natal de la santa m\u00e1s venerada en la isla, Catalina Thomas. Como caprichos gastron\u00f3micos recomendamos comer una de sus famosas cocas de patata y reponer fuerzas en alguna de las coquetas <a href=\"https:\/\/www.sensacionrural.es\/casas-rurales-en-baleares\/valldemossa_p6626\">casas rurales<\/a> situadas en el pueblo.<\/p>\n<h3><span class=\"ez-toc-section\" id=\"Garachico\"><\/span>Garachico<span class=\"ez-toc-section-end\"><\/span><\/h3>\n<p>Al Noreste de Tenerife nos encontramos con el municipio con m\u00e1s historia de esta isla. Rodeado de pino canario, de paisaje volc\u00e1nico y un acantilado que separa el casco antiguo con lo dem\u00e1s, aparece Garachico, un lugar id\u00f3neo para descansar y pasar unos buenos d\u00edas con la persona que m\u00e1s quieres.<\/p>\n<p style=\"text-align: center;\"><a href=\"https:\/\/www.sensacionrural.es\/blog\/wp-content\/uploads\/2016\/02\/garachico.jpg\" data-rel=\"penci-gallery-image-content\"  rel=\"attachment wp-att-7236\"><img loading=\"lazy\" decoding=\"async\" class=\"aligncenter size-full wp-image-7236\" src=\"https:\/\/www.sensacionrural.es\/blog\/wp-content\/uploads\/2016\/02\/garachico.jpg\" alt=\"garachico\" width=\"500\" height=\"330\" srcset=\"https:\/\/www.sensacionrural.es\/blog\/wp-content\/uploads\/2016\/02\/garachico.jpg 500w, https:\/\/www.sensacionrural.es\/blog\/wp-content\/uploads\/2016\/02\/garachico-300x198.jpg 300w\" sizes=\"(max-width: 500px) 100vw, 500px\" \/><\/a><\/p>\n<p style=\"text-align: center;\">Cortto<\/p>\n<p>Al pasear por sus calles podremos averiguar la importancia que tuvo esta villa en la historia, gracias a la buena conservaci\u00f3n de su patrimonio arquitect\u00f3nico, datado en el siglo XVI y XVII, que adem\u00e1s es declarado Bien de Inter\u00e9s Comunitario. Uno de sus momentos hist\u00f3ricos m\u00e1s importantes fue cuando la erupci\u00f3n del volc\u00e1n Arenas Negras arras\u00f3 parte de la villa y su puerto.<\/p>\n<p style=\"text-align: center;\"><a href=\"https:\/\/www.sensacionrural.es\/blog\/wp-content\/uploads\/2016\/02\/garachico-escultura.jpg\" data-rel=\"penci-gallery-image-content\"  rel=\"attachment wp-att-7237\"><img loading=\"lazy\" decoding=\"async\" class=\"aligncenter size-full wp-image-7237\" src=\"https:\/\/www.sensacionrural.es\/blog\/wp-content\/uploads\/2016\/02\/garachico-escultura.jpg\" alt=\"garachico escultura\" width=\"640\" height=\"426\" srcset=\"https:\/\/www.sensacionrural.es\/blog\/wp-content\/uploads\/2016\/02\/garachico-escultura.jpg 640w, https:\/\/www.sensacionrural.es\/blog\/wp-content\/uploads\/2016\/02\/garachico-escultura-300x200.jpg 300w, https:\/\/www.sensacionrural.es\/blog\/wp-content\/uploads\/2016\/02\/garachico-escultura-600x399.jpg 600w\" sizes=\"(max-width: 640px) 100vw, 640px\" \/><\/a><\/p>\n<p style=\"text-align: center;\">Till Krech<\/p>\n<p>Actualmente, no podemos dejar de visitar su Ermita de San Roque, el monumento al Mot\u00edn del Vino y la plaza de la Libertad, donde encontraremos los edificios m\u00e1s representativos de la villa, tales como la Puerta de Tierra, El castillo de San Miguel y, sobre todo, sus piscinas naturales, un lugar que os dejara fascinados.<\/p>\n<p style=\"text-align: center;\"><a href=\"https:\/\/www.sensacionrural.es\/blog\/wp-content\/uploads\/2016\/02\/garachico-playas.jpg\" data-rel=\"penci-gallery-image-content\"  rel=\"attachment wp-att-7238\"><img loading=\"lazy\" decoding=\"async\" class=\"aligncenter size-full wp-image-7238\" src=\"https:\/\/www.sensacionrural.es\/blog\/wp-content\/uploads\/2016\/02\/garachico-playas.jpg\" alt=\"playas de garachico\" width=\"640\" height=\"480\" srcset=\"https:\/\/www.sensacionrural.es\/blog\/wp-content\/uploads\/2016\/02\/garachico-playas.jpg 640w, https:\/\/www.sensacionrural.es\/blog\/wp-content\/uploads\/2016\/02\/garachico-playas-300x225.jpg 300w, https:\/\/www.sensacionrural.es\/blog\/wp-content\/uploads\/2016\/02\/garachico-playas-600x450.jpg 600w\" sizes=\"(max-width: 640px) 100vw, 640px\" \/><\/a><\/p>\n<p style=\"text-align: center;\">\u00c1ngel Gallardo<\/p>\n<p style=\"text-align: left;\">Como ves, en San Valent\u00edn no tienes excusa. \u00a1Encuentra un\u00a0lugar rom\u00e1ntico y enamora -de nuevo- a tu pareja!<\/p>\n<p>&nbsp;<\/p>\n","protected":false},"excerpt":{"rendered":"<p>\u00bfQui\u00e9n dijo que el romanticismo hab\u00eda muerto en San Valent\u00edn? Lo que ya no se&hellip;<\/p>\n","protected":false},"author":4,"featured_media":7239,"comment_status":"open","ping_status":"open","sticky":false,"template":"","format":"standard","meta":{"content-type":"","om_disable_all_campaigns":false,"footnotes":""},"categories":[37,38,256],"tags":[247],"aioseo_notices":[],"_links":{"self":[{"href":"https:\/\/www.sensacionrural.es\/blog\/wp-json\/wp\/v2\/posts\/5681"}],"collection":[{"href":"https:\/\/www.sensacionrural.es\/blog\/wp-json\/wp\/v2\/posts"}],"about":[{"href":"https:\/\/www.sensacionrural.es\/blog\/wp-json\/wp\/v2\/types\/post"}],"author":[{"embeddable":true,"href":"https:\/\/www.sensacionrural.es\/blog\/wp-json\/wp\/v2\/users\/4"}],"replies":[{"embeddable":true,"href":"https:\/\/www.sensacionrural.es\/blog\/wp-json\/wp\/v2\/comments?post=5681"}],"version-history":[{"count":20,"href":"https:\/\/www.sensacionrural.es\/blog\/wp-json\/wp\/v2\/posts\/5681\/revisions"}],"predecessor-version":[{"id":22073,"href":"https:\/\/www.sensacionrural.es\/blog\/wp-json\/wp\/v2\/posts\/5681\/revisions\/22073"}],"wp:featuredmedia":[{"embeddable":true,"href":"https:\/\/www.sensacionrural.es\/blog\/wp-json\/wp\/v2\/media\/7239"}],"wp:attachment":[{"href":"https:\/\/www.sensacionrural.es\/blog\/wp-json\/wp\/v2\/media?parent=5681"}],"wp:term":[{"taxonomy":"category","embeddable":true,"href":"https:\/\/www.sensacionrural.es\/blog\/wp-json\/wp\/v2\/categories?post=5681"},{"taxonomy":"post_tag","embeddable":true,"href":"https:\/\/www.sensacionrural.es\/blog\/wp-json\/wp\/v2\/tags?post=5681"}],"curies":[{"name":"wp","href":"https:\/\/api.w.org\/{rel}","templated":true}]}}