{"id":5666,"date":"2016-02-04T15:56:14","date_gmt":"2016-02-04T15:56:14","guid":{"rendered":"http:\/\/sensacionrural.es\/blog\/?p=5666"},"modified":"2023-10-20T08:48:54","modified_gmt":"2023-10-20T08:48:54","slug":"celebra-carnavales-diferentes-municipios-pueblos","status":"publish","type":"post","link":"https:\/\/www.sensacionrural.es\/blog\/celebra-carnavales-diferentes-municipios-pueblos\/","title":{"rendered":"Celebra unos carnavales diferentes en estos 6 municipios"},"content":{"rendered":"<p>Este fin de semana se celebra una de las fiestas con mayor tradici\u00f3n a lo largo del mundo: <strong>los Carnavales<\/strong>. No hay ninguna duda de que el Carnaval se ha convertido a lo largo de la historia en una de las <strong>fiestas m\u00e1s populares y grandiosas<\/strong> que podamos encontrar. La diversi\u00f3n, la fiesta, el baile y el desenfreno invaden las calles a\u00f1o tras a\u00f1o y siglo tras siglo de todos los rincones del mundo.<\/p>\n<p>Son muchas las personas que planifican sus viajes hacia aquellos sitios donde esta festividad es m\u00e1s famosa, tales como los Carnavales de Rio de Janeiro, Venecia, Nueva Orleans o Tenerife, que tan conocidos son por todos. Muchos estar\u00e9is desanimados por no poder acudir a estas ciudades dada su lejan\u00eda o al posible alto gasto que puede ocasionar. No os preocup\u00e9is, en el post de hoy os traemos otras <strong>opciones m\u00e1s cercanas y m\u00e1s \u201clow cost\u201d<\/strong>, donde poder disfrutar de unos Carnavales igual de espectaculares que los de estas ciudades.<\/p>\n<p>Desde <strong>Sensaci\u00f3n Rural<\/strong> os recomendamos que, si quer\u00e9is disfrutar de un Carnaval divertido dentro de nuestro \u00e1mbito nacional, visit\u00e9is alguna de estas 6 opciones.<\/p>\n<p>Si est\u00e1s buscando disfraces para estos Carnavales, te recomendamos que los adquieras en Disfraces Antifaz. M\u00e1s concretamente, <a href=\"https:\/\/www.disfracesantifaz.com\/103-disfraces-carnaval-nino\">si est\u00e1s buscando disfraces para ni\u00f1os<\/a>, \u00a1te sorprender\u00e1!<\/p>\n<div id=\"ez-toc-container\" class=\"ez-toc-v2_0_69_1 ez-toc-wrap-center counter-hierarchy ez-toc-counter ez-toc-grey ez-toc-container-direction\">\n<div class=\"ez-toc-title-container\">\n<p class=\"ez-toc-title \" >&Iacute;ndice de contenidos<\/p>\n<span class=\"ez-toc-title-toggle\"><a href=\"#\" class=\"ez-toc-pull-right ez-toc-btn ez-toc-btn-xs ez-toc-btn-default ez-toc-toggle\" aria-label=\"Toggle Table of Content\"><span class=\"ez-toc-js-icon-con\"><span class=\"\"><span class=\"eztoc-hide\" style=\"display:none;\">Toggle<\/span><span class=\"ez-toc-icon-toggle-span\"><svg style=\"fill: #999;color:#999\" xmlns=\"http:\/\/www.w3.org\/2000\/svg\" class=\"list-377408\" width=\"20px\" height=\"20px\" viewBox=\"0 0 24 24\" fill=\"none\"><path d=\"M6 6H4v2h2V6zm14 0H8v2h12V6zM4 11h2v2H4v-2zm16 0H8v2h12v-2zM4 16h2v2H4v-2zm16 0H8v2h12v-2z\" fill=\"currentColor\"><\/path><\/svg><svg style=\"fill: #999;color:#999\" class=\"arrow-unsorted-368013\" xmlns=\"http:\/\/www.w3.org\/2000\/svg\" width=\"10px\" height=\"10px\" viewBox=\"0 0 24 24\" version=\"1.2\" baseProfile=\"tiny\"><path d=\"M18.2 9.3l-6.2-6.3-6.2 6.3c-.2.2-.3.4-.3.7s.1.5.3.7c.2.2.4.3.7.3h11c.3 0 .5-.1.7-.3.2-.2.3-.5.3-.7s-.1-.5-.3-.7zM5.8 14.7l6.2 6.3 6.2-6.3c.2-.2.3-.5.3-.7s-.1-.5-.3-.7c-.2-.2-.4-.3-.7-.3h-11c-.3 0-.5.1-.7.3-.2.2-.3.5-.3.7s.1.5.3.7z\"\/><\/svg><\/span><\/span><\/span><\/a><\/span><\/div>\n<nav><ul class='ez-toc-list ez-toc-list-level-1 ' ><li class='ez-toc-page-1 ez-toc-heading-level-3'><a class=\"ez-toc-link ez-toc-heading-1\" href=\"https:\/\/www.sensacionrural.es\/blog\/celebra-carnavales-diferentes-municipios-pueblos\/#San_Vicente_de_Alcantara_concurso_de_disfraces_para_adultos_y_ninos\" title=\"San Vicente de Alcantara, concurso de disfraces para adultos y ni\u00f1os\">San Vicente de Alcantara, concurso de disfraces para adultos y ni\u00f1os<\/a><\/li><li class='ez-toc-page-1 ez-toc-heading-level-3'><a class=\"ez-toc-link ez-toc-heading-2\" href=\"https:\/\/www.sensacionrural.es\/blog\/celebra-carnavales-diferentes-municipios-pueblos\/#Cintruenigo_con_sus_famosos_%E2%80%9CZarramuskeros%E2%80%9D\" title=\"Cintru\u00e9\u00f1igo, con sus famosos \u201cZarramuskeros\u201d\">Cintru\u00e9\u00f1igo, con sus famosos \u201cZarramuskeros\u201d<\/a><\/li><li class='ez-toc-page-1 ez-toc-heading-level-3'><a class=\"ez-toc-link ez-toc-heading-3\" href=\"https:\/\/www.sensacionrural.es\/blog\/celebra-carnavales-diferentes-municipios-pueblos\/#Aldea_del_Rey_fortaleza_de_la_orden_de_Calatrava\" title=\"Aldea del Rey, fortaleza de la orden de Calatrava\">Aldea del Rey, fortaleza de la orden de Calatrava<\/a><\/li><li class='ez-toc-page-1 ez-toc-heading-level-3'><a class=\"ez-toc-link ez-toc-heading-4\" href=\"https:\/\/www.sensacionrural.es\/blog\/celebra-carnavales-diferentes-municipios-pueblos\/#Tudela_del_Duero_tierra_de_esparragos_a_orillas_del_Duero\" title=\"Tudela del Duero, tierra de esp\u00e1rragos a orillas del Duero\">Tudela del Duero, tierra de esp\u00e1rragos a orillas del Duero<\/a><\/li><li class='ez-toc-page-1 ez-toc-heading-level-3'><a class=\"ez-toc-link ez-toc-heading-5\" href=\"https:\/\/www.sensacionrural.es\/blog\/celebra-carnavales-diferentes-municipios-pueblos\/#Benalup-_Casas_Viejas_un_pueblo_con_diversos_nombres\" title=\"Benalup- Casas Viejas, un pueblo con diversos nombres\">Benalup- Casas Viejas, un pueblo con diversos nombres<\/a><\/li><li class='ez-toc-page-1 ez-toc-heading-level-3'><a class=\"ez-toc-link ez-toc-heading-6\" href=\"https:\/\/www.sensacionrural.es\/blog\/celebra-carnavales-diferentes-municipios-pueblos\/#Los_Realejos_disfruta_del_%E2%80%9CCarnaval_de_los_juguetes%E2%80%9D_en_la_playa\" title=\"Los Realejos, disfruta del \u201cCarnaval de los juguetes\u201d en la playa\">Los Realejos, disfruta del \u201cCarnaval de los juguetes\u201d en la playa<\/a><\/li><\/ul><\/nav><\/div>\n<h3><span class=\"ez-toc-section\" id=\"San_Vicente_de_Alcantara_concurso_de_disfraces_para_adultos_y_ninos\"><\/span>San Vicente de Alcantara, concurso de disfraces para adultos y ni\u00f1os<span class=\"ez-toc-section-end\"><\/span><\/h3>\n<p>En un rinconcito de la provincia de Badajoz, encontramos uno de los Carnavales m\u00e1s divertidos para los m\u00e1s peque\u00f1os, y tambi\u00e9n para los no tan peque\u00f1os.<\/p>\n<p>En esta peque\u00f1a villa situada a 67 kil\u00f3metros de Badajoz, celebran las fiestas de Carnaval del mi\u00e9rcoles 3 de febrero hasta el s\u00e1bado 13 de febrero. Durante estos diez d\u00edas, se desarrollan numerosas actividades para todas las edades, en las que encontramos talleres de disfraces, desfiles, pasacalles y actuaciones, haciendo que todos los miembros de la familia disfruten y se lo pasen en grande.<\/p>\n<p>Entre todas las actividades programadas, destaca el <strong>Concurso de disfraces<\/strong>, en el que participan diferentes categor\u00edas (dependiendo de la edad) y en la que se reparten premios de hasta 400 euros.<\/p>\n<p>No todo es fiesta y desenfreno. Un fin de semana da para hacer muchas cosas y m\u00e1s en San Vicente de Alc\u00e1ntara. En este pueblo extreme\u00f1o podr\u00e9is realizar diferentes visitas culturales, en la que predominan sus nueve D\u00f3lmenes, siendo los m\u00e1s conocidos el de La Galana de Mayorga y el de Alcornoc\u00f3n, y el Castillo de Piedrabuena, una de las fortalezas se\u00f1oriales m\u00e1s hermosas de Extremadura.<\/p>\n<p style=\"text-align: center;\">\u00a0<a href=\"https:\/\/www.sensacionrural.es\/blog\/wp-content\/uploads\/2016\/02\/castillo-del-piedrabuena.jpg\" data-rel=\"penci-gallery-image-content\"  rel=\"attachment wp-att-5667\"><img fetchpriority=\"high\" decoding=\"async\" class=\"aligncenter wp-image-5667 size-full\" title=\"castillo de piedrabuena\" src=\"https:\/\/www.sensacionrural.es\/blog\/wp-content\/uploads\/2016\/02\/castillo-del-piedrabuena.jpg\" alt=\"castillo de piedrabuena\" width=\"640\" height=\"426\" srcset=\"https:\/\/www.sensacionrural.es\/blog\/wp-content\/uploads\/2016\/02\/castillo-del-piedrabuena.jpg 640w, https:\/\/www.sensacionrural.es\/blog\/wp-content\/uploads\/2016\/02\/castillo-del-piedrabuena-300x200.jpg 300w, https:\/\/www.sensacionrural.es\/blog\/wp-content\/uploads\/2016\/02\/castillo-del-piedrabuena-600x399.jpg 600w\" sizes=\"(max-width: 640px) 100vw, 640px\" \/><\/a><\/p>\n<p style=\"text-align: center;\">Autor: N\u00e9stor<\/p>\n<p>Por \u00faltimo, si quer\u00e9is una estancia c\u00f3moda y acorde con este magn\u00edfico emplazamiento, os aconsejamos que os aloj\u00e9is en <strong>Casa Rural La Vega<\/strong>, donde la tranquilidad es lo habitual, o en <strong>Casa Rural Sierra de San Pedro<\/strong>, rodeado de un precioso mar de encinas. Aqu\u00ed pod\u00e9is ver estas dos <a href=\"https:\/\/www.sensacionrural.es\/casas-rurales-en-badajoz\/san-vicente-de-alcantara_p6525\">casas rurales de San Vicente de Alcantara<\/a>.<\/p>\n<h3><span class=\"ez-toc-section\" id=\"Cintruenigo_con_sus_famosos_%E2%80%9CZarramuskeros%E2%80%9D\"><\/span>Cintru\u00e9\u00f1igo, con sus famosos \u201cZarramuskeros\u201d<span class=\"ez-toc-section-end\"><\/span><\/h3>\n<p>En esta villa de la Ribera de Navarra, situada en la Comarca de Tudela, encontramos uno de los Carnavales con mayor tradici\u00f3n en Espa\u00f1a. La fiesta comienza el viernes 5 con la lectura del preg\u00f3n a cargo de los Quintos del 98 seguidos del pasacalle con charanga, el s\u00e1bado por la noche se celebra una hoguera tradicional y el domingo es el gran desfile de Carnaval con su correspondiente concurso de disfraces, terminando los festejos con el Entierro de la Sardina.<\/p>\n<p style=\"text-align: center;\"><a href=\"https:\/\/www.sensacionrural.es\/blog\/wp-content\/uploads\/2016\/02\/cinturenigo-carnavales.jpg\" data-rel=\"penci-gallery-image-content\" ><img decoding=\"async\" class=\"aligncenter size-full wp-image-15585\" src=\"https:\/\/www.sensacionrural.es\/blog\/wp-content\/uploads\/2016\/02\/cinturenigo-carnavales.jpg\" alt=\"cintruenigo carnavales\" width=\"640\" height=\"288\" srcset=\"https:\/\/www.sensacionrural.es\/blog\/wp-content\/uploads\/2016\/02\/cinturenigo-carnavales.jpg 640w, https:\/\/www.sensacionrural.es\/blog\/wp-content\/uploads\/2016\/02\/cinturenigo-carnavales-300x135.jpg 300w, https:\/\/www.sensacionrural.es\/blog\/wp-content\/uploads\/2016\/02\/cinturenigo-carnavales-600x270.jpg 600w\" sizes=\"(max-width: 640px) 100vw, 640px\" \/><\/a><\/p>\n<p style=\"text-align: center;\">Jialxv<\/p>\n<p>Los personajes principales de este Carnaval son los <strong>\u201cZarramuskeros\u201d<\/strong>. Visten de buzos azules y portan instrumentos variados con los que con harina, azulete, agua, serr\u00edn o cualquier otro elemento ensucian a todo aquel que se muestre a cara descubierta. En tiempos pasados, los \u201cZarramuskeros\u201d\u00a0 utilizaban para manchar excrementos o sebo que llevaban en unas calderetas, huevos y bet\u00fan de zapatos, algunos incluso prefer\u00edan ponerse pinchos con los que persegu\u00edan a las mujeres. Actualmente, no producen tanto revuelo, siendo representados por los ni\u00f1os y adolescentes del pueblo.<\/p>\n<p>Cintrue\u00f1igo no s\u00f3lo destaca por sus alocados Carnavales y por sus buenos vinos y aceites. En esta localidad navarra sobresalen dos lugares imprescindibles para visitar si te encuentras en ella. Son, por un lado, la Iglesia de San Juan Bautista, erigida en el Siglo XVI y destacando en su interior el retablo mayor y la colecci\u00f3n de orfebrer\u00eda conservada en la sacrist\u00eda, y por otro, la Ermita de la Pur\u00edsima, datada del Siglo XVII, en la que se conserva en su interior un estupendo retablo mayor de estilo barroco.<\/p>\n<h3><span class=\"ez-toc-section\" id=\"Aldea_del_Rey_fortaleza_de_la_orden_de_Calatrava\"><\/span>Aldea del Rey, fortaleza de la orden de Calatrava<span class=\"ez-toc-section-end\"><\/span><\/h3>\n<p>Situado al sur de la provincia de Ciudad Real,\u00a0 nos encontramos con Aldea del Rey, un municipio manchego ligado hist\u00f3ricamente a la <strong>Orden de Calatrava<\/strong>, orden cisterciense militar y religiosa fundada en el Siglo XII que ten\u00eda como objetivo principal proteger la villa de Calatrava (alrededores de la actual Ciudad Real).<\/p>\n<p>En este peque\u00f1o pueblo con tanta historia, celebran uno de los Carnavales m\u00e1s famosos de Castilla La Mancha. Los festejos comienzan este viernes con el <strong>Desfile de Carnaval<\/strong> organizado por los ni\u00f1os del Colegio Maestro Navas, los cuales con todo su esfuerzo e ilusi\u00f3n desfilar\u00e1n disfrazados de cocineros y acompa\u00f1ados de la charanga, haciendo que los m\u00e1s peque\u00f1os se lo pasen en grande.<\/p>\n<p>Pero no s\u00f3lo hay diversi\u00f3n para los peque\u00f1os de la casa, los adultos podr\u00e9is disfrutar de dos magn\u00edficos bailes de carnaval que se llevan a cabo la noche del viernes y del s\u00e1bado, amenizados por la Orquesta, por lo que si te gusta bailar, Aldea del Rey es tu sitio. Por \u00faltimo, tambi\u00e9n podr\u00e9is participar en las diferentes categor\u00edas del Concurso de Disfraces.<\/p>\n<p>Si despu\u00e9s de todas estas actividades a\u00fan te quedan fuerzas, no dudes en realizar una de las visitas teatralizadas en el Castillo de Calatrava La Nueva, fortaleza elevada a casi 1000 metros de altura y que fue la sede de de la Orden de Calatrava durante m\u00e1s de 600 a\u00f1os.<\/p>\n<p style=\"text-align: center;\"><a href=\"https:\/\/www.sensacionrural.es\/blog\/wp-content\/uploads\/2016\/02\/calatrava-la-nueva.jpg\" data-rel=\"penci-gallery-image-content\"  rel=\"attachment wp-att-5668\"><img decoding=\"async\" class=\"aligncenter wp-image-5668 size-full\" title=\"calatrava la nueva\" src=\"https:\/\/www.sensacionrural.es\/blog\/wp-content\/uploads\/2016\/02\/calatrava-la-nueva.jpg\" alt=\"calatrava la nueva\" width=\"640\" height=\"480\" srcset=\"https:\/\/www.sensacionrural.es\/blog\/wp-content\/uploads\/2016\/02\/calatrava-la-nueva.jpg 640w, https:\/\/www.sensacionrural.es\/blog\/wp-content\/uploads\/2016\/02\/calatrava-la-nueva-300x225.jpg 300w, https:\/\/www.sensacionrural.es\/blog\/wp-content\/uploads\/2016\/02\/calatrava-la-nueva-600x450.jpg 600w\" sizes=\"(max-width: 640px) 100vw, 640px\" \/><\/a><\/p>\n<p style=\"text-align: center;\">Autor: Luis Zamarre\u00f1o Cosme<\/p>\n<p>De hecho, los <a href=\"https:\/\/www.europapress.es\/castilla-lamancha\/noticia-productores-juego-tronos-visitan-calatrava-nueva-ciudad-real-20160122101134.html\" rel=\"nofollow\">productores de Juego de Tronos<\/a> visitaron esta fortaleza hace unas semanas. Podr\u00edamos estar hablando de un nuevo escenario de la famosa serie de HBO.<\/p>\n<h3><span class=\"ez-toc-section\" id=\"Tudela_del_Duero_tierra_de_esparragos_a_orillas_del_Duero\"><\/span>Tudela del Duero, tierra de esp\u00e1rragos a orillas del Duero<span class=\"ez-toc-section-end\"><\/span><\/h3>\n<p>A 16 kil\u00f3metros de Valladolid, encontramos esta villa castellana rodeada casi por completo por el r\u00edo Duero que le da nombre.<\/p>\n<p>En esta villa vallisoletana el Carnaval es una <strong>festividad hist\u00f3rica<\/strong> que se remonta desde el Siglo XIX, encontrando incluso Ordenanzas Municipales de 1890 en las que se organizan estos festejos: <em>\u201cDurante los tres d\u00edas de carnaval y en Domingo llamado de pi\u00f1ata, se permite andar con careta o sin ella, pero s\u00f3lo desde la salida del Sol, hasta la postura del mismo, prohibi\u00e9ndose el uso de trajes de Ministros de la Religi\u00f3n, y altos funcionarios del Estado y de la Milicia\u201d.<\/em><\/p>\n<p style=\"text-align: center;\"><a href=\"https:\/\/www.sensacionrural.es\/blog\/wp-content\/uploads\/2016\/02\/carnaval-tudela-duero.jpg\" data-rel=\"penci-gallery-image-content\" ><img loading=\"lazy\" decoding=\"async\" class=\"aligncenter size-full wp-image-15587\" src=\"https:\/\/www.sensacionrural.es\/blog\/wp-content\/uploads\/2016\/02\/carnaval-tudela-duero.jpg\" alt=\"carnaval tudela duero\" width=\"640\" height=\"427\" srcset=\"https:\/\/www.sensacionrural.es\/blog\/wp-content\/uploads\/2016\/02\/carnaval-tudela-duero.jpg 640w, https:\/\/www.sensacionrural.es\/blog\/wp-content\/uploads\/2016\/02\/carnaval-tudela-duero-300x200.jpg 300w, https:\/\/www.sensacionrural.es\/blog\/wp-content\/uploads\/2016\/02\/carnaval-tudela-duero-600x400.jpg 600w\" sizes=\"(max-width: 640px) 100vw, 640px\" \/><\/a><\/p>\n<p style=\"text-align: center;\">Tudela de Duero<\/p>\n<p>Cada a\u00f1o son m\u00e1s famosos los desfiles de disfraces que llevan a cabo, destacando su colorido y originalidad, as\u00ed como <strong>la quema del Pelele<\/strong> en la plaza del pueblo con la que se da comienzo a estas estupendas fiestas de Carnaval.<\/p>\n<p>No dej\u00e9is el est\u00f3mago vac\u00edo, disfruta de la gastronom\u00eda de Tudela del Duero y prueba unos buenos esp\u00e1rragos regados con un buen vino de la zona. Tampoco olvidar su principal edificaci\u00f3n, la Iglesia de la Asunci\u00f3n de Nuestra Se\u00f1ora, un buen emplazamiento para los m\u00e1s curiosos del arte y en especial del g\u00f3tico.<\/p>\n<h3><span class=\"ez-toc-section\" id=\"Benalup-_Casas_Viejas_un_pueblo_con_diversos_nombres\"><\/span>Benalup- Casas Viejas, un pueblo con diversos nombres<span class=\"ez-toc-section-end\"><\/span><\/h3>\n<p>Municipio de la provincia de C\u00e1diz ubicado en la Ruta del Toro y formando parte del Corredor Verde de las dos Bah\u00edas. En un primer momento, el pueblo fue bautizado con el nombre de \u201cCasas Viejas\u201d, despu\u00e9s pas\u00f3 a llamarse \u201cBenalup\u201d, de Benalup a \u201cBenalup de Sidonia\u201d, de ah\u00ed otra vez a \u201cBenalup\u201d y \u201cCasas Viejas\u201d, para ya finalmente en 1998, coincidiendo con el 7\u00ba aniversario de la Independencia, pasar a recibir la denominaci\u00f3n actual de \u201cBenalup \u2013 Casas Viejas\u201d.<\/p>\n<p>Durante las fiestas de Carnaval, el pueblo se viste de color y alegr\u00eda. La festividad da comienzo con <strong>el preg\u00f3n del domingo de pi\u00f1ata<\/strong>, acompa\u00f1ado de varias actuaciones llevadas a cabo por agrupaciones locales, culminando el domingo siguiente despu\u00e9s de una semana llena de alboroto, fiesta para todos, la tradicional cabalgata y los fuegos artificiales.<\/p>\n<p style=\"text-align: center;\"><a href=\"https:\/\/www.sensacionrural.es\/blog\/wp-content\/uploads\/2016\/02\/carnaval-benalup-casa-viejas.jpg\" data-rel=\"penci-gallery-image-content\" ><img loading=\"lazy\" decoding=\"async\" class=\"aligncenter size-full wp-image-15588\" src=\"https:\/\/www.sensacionrural.es\/blog\/wp-content\/uploads\/2016\/02\/carnaval-benalup-casa-viejas.jpg\" alt=\"carnaval benalup casas viejas\" width=\"640\" height=\"427\" srcset=\"https:\/\/www.sensacionrural.es\/blog\/wp-content\/uploads\/2016\/02\/carnaval-benalup-casa-viejas.jpg 640w, https:\/\/www.sensacionrural.es\/blog\/wp-content\/uploads\/2016\/02\/carnaval-benalup-casa-viejas-300x200.jpg 300w, https:\/\/www.sensacionrural.es\/blog\/wp-content\/uploads\/2016\/02\/carnaval-benalup-casa-viejas-600x400.jpg 600w\" sizes=\"(max-width: 640px) 100vw, 640px\" \/><\/a><\/p>\n<p style=\"text-align: center;\">Callejeando por Benalup-Casas Viejas<\/p>\n<p>Este 2016 la Cabalgata de Carnaval marcar\u00e1 un <strong>r\u00e9cord de participaci\u00f3n<\/strong>, contando con un total de 63 grupos y 10 carrozas inscritas, que recorrer\u00e1n las calles de este municipio gaditano desde las 5 de la tarde, encarg\u00e1ndose de amenizar\u00a0 un fin de semana lleno de de actividades.<\/p>\n<p>Por \u00faltimo, recordaros que pod\u00e9is visitar la Torre de Benalup o \u201cTorre de La Morita\u201d, situada en una especie de atalaya desde donde se pueden observar todos los pueblos de los alrededores.<\/p>\n<h3><span class=\"ez-toc-section\" id=\"Los_Realejos_disfruta_del_%E2%80%9CCarnaval_de_los_juguetes%E2%80%9D_en_la_playa\"><\/span>Los Realejos, disfruta del \u201cCarnaval de los juguetes\u201d en la playa<span class=\"ez-toc-section-end\"><\/span><\/h3>\n<p>La opci\u00f3n m\u00e1s lejana de todas pero que merece la pena disfrutar es la de Los Realejos. Municipio perteneciente a la provincia de Santa Cruz de Tenerife, situado en el norte de la isla, en parte del Valle de La Orotava, a escasos 41 kil\u00f3metros de la capital.<\/p>\n<p>Debido a su situaci\u00f3n, la costa de Los Realejos permite durante todo el a\u00f1o la pr\u00e1ctica de submarinismo y windsurf. La transparencia de sus aguas, as\u00ed como la amplitud de sus playas, hacen que sea un destino perfecto para compaginar la diversi\u00f3n de los Carnavales con la relajaci\u00f3n y el deporte a orillas del mar.<\/p>\n<p style=\"text-align: center;\"><a href=\"https:\/\/www.sensacionrural.es\/blog\/wp-content\/uploads\/2016\/02\/los-realejos-carnavales.jpg\" data-rel=\"penci-gallery-image-content\" ><img loading=\"lazy\" decoding=\"async\" class=\"aligncenter size-full wp-image-15589\" src=\"https:\/\/www.sensacionrural.es\/blog\/wp-content\/uploads\/2016\/02\/los-realejos-carnavales.jpg\" alt=\"los realejos carnavales\" width=\"640\" height=\"448\" srcset=\"https:\/\/www.sensacionrural.es\/blog\/wp-content\/uploads\/2016\/02\/los-realejos-carnavales.jpg 640w, https:\/\/www.sensacionrural.es\/blog\/wp-content\/uploads\/2016\/02\/los-realejos-carnavales-300x210.jpg 300w, https:\/\/www.sensacionrural.es\/blog\/wp-content\/uploads\/2016\/02\/los-realejos-carnavales-600x420.jpg 600w\" sizes=\"(max-width: 640px) 100vw, 640px\" \/><\/a><\/p>\n<p style=\"text-align: center;\">Koppchen<\/p>\n<p>La tem\u00e1tica de los Carnavales de este a\u00f1o ser\u00e1 en torno al <strong>mundo de los juguetes<\/strong>, por lo que podremos ver numerosos disfraces de aquellos personajes con los que tantos ratos hemos pasado jugando de peque\u00f1os, tales como \u201caction man\u201d, \u201cbarbies\u201d \u201cpower ranger\u201d, entre otros muchos.<\/p>\n<p>A su vez, Los Realejos acoger\u00e1n el <strong>Concurso de Murgas del Norte<\/strong> que, para los que no hayamos o\u00eddo hablar nunca de ellas, consisten en un grupo de personas que cantan letras en las que se hace cr\u00edtica y s\u00e1tira de temas de la actualidad, ya sea relacionados con la pol\u00edtica, deporte, o cualquier tema al que le puedan sacar un toque c\u00f3mico y muy divertido. Este a\u00f1o se podr\u00e1 disfrutar\u00a0 como novedad de la <strong>\u201cCarrera del Color\u201d<\/strong>, con un recorrido de 3 kil\u00f3metros donde miles de participantes son rociados con diferentes polvos de colores, haciendo una completa fiesta del color.<\/p>\n<p>En Los Realejos tienes una de las zonas de Santa Cruz de Tenerife donde mejor se combina la naturaleza y la arquitectura civil. Para ello, s\u00f3lo tienes que ver la antigua estaci\u00f3n de bombeo de La Gordejuela.<\/p>\n<p style=\"text-align: center;\">\u00a0<a href=\"https:\/\/www.sensacionrural.es\/blog\/wp-content\/uploads\/2016\/02\/estacion-bombeo-gordejuela.jpg\" data-rel=\"penci-gallery-image-content\"  rel=\"attachment wp-att-5669\"><img loading=\"lazy\" decoding=\"async\" class=\"aligncenter wp-image-5669 size-full\" title=\"estacion bombeo la gordejuela\" src=\"https:\/\/www.sensacionrural.es\/blog\/wp-content\/uploads\/2016\/02\/estacion-bombeo-gordejuela.jpg\" alt=\"estacion bombeo gordejuela\" width=\"640\" height=\"426\" srcset=\"https:\/\/www.sensacionrural.es\/blog\/wp-content\/uploads\/2016\/02\/estacion-bombeo-gordejuela.jpg 640w, https:\/\/www.sensacionrural.es\/blog\/wp-content\/uploads\/2016\/02\/estacion-bombeo-gordejuela-300x200.jpg 300w, https:\/\/www.sensacionrural.es\/blog\/wp-content\/uploads\/2016\/02\/estacion-bombeo-gordejuela-600x399.jpg 600w\" sizes=\"(max-width: 640px) 100vw, 640px\" \/><\/a><\/p>\n<p style=\"text-align: center;\">Autor: Daniele Paccaloni<\/p>\n<p>Aqu\u00ed puedes encontrar diferentes <a href=\"https:\/\/www.sensacionrural.es\/casas-rurales-en-santa-cruz-de-tenerife\/los-realejos_p11771\">alojamientos rurales en el municipio de Los Realejos<\/a> para que tu experiencia sea \u00fanica.<\/p>\n<p>Despu\u00e9s de presentaros todas estas posibilidades, no pod\u00e9is poner excusas para no pasar un fin de semana divertido con los amigos o en familia. <strong>\u00a1Disfruta de los Carnavales!<\/strong><\/p>\n","protected":false},"excerpt":{"rendered":"<p>Este fin de semana se celebra una de las fiestas con mayor tradici\u00f3n a lo&hellip;<\/p>\n","protected":false},"author":4,"featured_media":5667,"comment_status":"open","ping_status":"open","sticky":false,"template":"","format":"standard","meta":{"content-type":"","om_disable_all_campaigns":false,"footnotes":""},"categories":[37],"tags":[189,190],"aioseo_notices":[],"_links":{"self":[{"href":"https:\/\/www.sensacionrural.es\/blog\/wp-json\/wp\/v2\/posts\/5666"}],"collection":[{"href":"https:\/\/www.sensacionrural.es\/blog\/wp-json\/wp\/v2\/posts"}],"about":[{"href":"https:\/\/www.sensacionrural.es\/blog\/wp-json\/wp\/v2\/types\/post"}],"author":[{"embeddable":true,"href":"https:\/\/www.sensacionrural.es\/blog\/wp-json\/wp\/v2\/users\/4"}],"replies":[{"embeddable":true,"href":"https:\/\/www.sensacionrural.es\/blog\/wp-json\/wp\/v2\/comments?post=5666"}],"version-history":[{"count":11,"href":"https:\/\/www.sensacionrural.es\/blog\/wp-json\/wp\/v2\/posts\/5666\/revisions"}],"predecessor-version":[{"id":23553,"href":"https:\/\/www.sensacionrural.es\/blog\/wp-json\/wp\/v2\/posts\/5666\/revisions\/23553"}],"wp:featuredmedia":[{"embeddable":true,"href":"https:\/\/www.sensacionrural.es\/blog\/wp-json\/wp\/v2\/media\/5667"}],"wp:attachment":[{"href":"https:\/\/www.sensacionrural.es\/blog\/wp-json\/wp\/v2\/media?parent=5666"}],"wp:term":[{"taxonomy":"category","embeddable":true,"href":"https:\/\/www.sensacionrural.es\/blog\/wp-json\/wp\/v2\/categories?post=5666"},{"taxonomy":"post_tag","embeddable":true,"href":"https:\/\/www.sensacionrural.es\/blog\/wp-json\/wp\/v2\/tags?post=5666"}],"curies":[{"name":"wp","href":"https:\/\/api.w.org\/{rel}","templated":true}]}}