{"id":5243,"date":"2012-07-18T14:10:11","date_gmt":"2012-07-18T14:10:11","guid":{"rendered":"http:\/\/sensacionrural.es\/blog\/?p=5243"},"modified":"2023-10-20T08:48:57","modified_gmt":"2023-10-20T08:48:57","slug":"arenas-iguna-lugar-encanto","status":"publish","type":"post","link":"https:\/\/www.sensacionrural.es\/blog\/arenas-iguna-lugar-encanto\/","title":{"rendered":"Que ver en Arenas de Igu\u00f1a, un lugar con encanto"},"content":{"rendered":"<div>Hoy os queremos acercar a Arenas de Igu\u00f1a, un pueblo peque\u00f1ito situado en el centro de Cantabria. Igual a muchos no os suena el nombre, pero si os decimos que all\u00ed se rod\u00f3 buena parte de la pel\u00edcula \u201cLos Otros\u201d de Amen\u00e1bar ya os empezar\u00e1 a sonar.<\/div>\n<p><!--more--><\/p>\n<div><\/div>\n<div>\n<p>Y es que, el Palacio de los Hornillos, sirvi\u00f3 de escenario para rodar los exteriores de dicha pel\u00edcula.<\/p>\n<\/div>\n<div>Os dejamos a continuaci\u00f3n una lista para visitar si os acerc\u00e1is por esta localidad.<\/div>\n<div><\/div>\n<div id=\"ez-toc-container\" class=\"ez-toc-v2_0_69_1 ez-toc-wrap-center counter-hierarchy ez-toc-counter ez-toc-grey ez-toc-container-direction\">\n<div class=\"ez-toc-title-container\">\n<p class=\"ez-toc-title \" >&Iacute;ndice de contenidos<\/p>\n<span class=\"ez-toc-title-toggle\"><a href=\"#\" class=\"ez-toc-pull-right ez-toc-btn ez-toc-btn-xs ez-toc-btn-default ez-toc-toggle\" aria-label=\"Toggle Table of Content\"><span class=\"ez-toc-js-icon-con\"><span class=\"\"><span class=\"eztoc-hide\" style=\"display:none;\">Toggle<\/span><span class=\"ez-toc-icon-toggle-span\"><svg style=\"fill: #999;color:#999\" xmlns=\"http:\/\/www.w3.org\/2000\/svg\" class=\"list-377408\" width=\"20px\" height=\"20px\" viewBox=\"0 0 24 24\" fill=\"none\"><path d=\"M6 6H4v2h2V6zm14 0H8v2h12V6zM4 11h2v2H4v-2zm16 0H8v2h12v-2zM4 16h2v2H4v-2zm16 0H8v2h12v-2z\" fill=\"currentColor\"><\/path><\/svg><svg style=\"fill: #999;color:#999\" class=\"arrow-unsorted-368013\" xmlns=\"http:\/\/www.w3.org\/2000\/svg\" width=\"10px\" height=\"10px\" viewBox=\"0 0 24 24\" version=\"1.2\" baseProfile=\"tiny\"><path d=\"M18.2 9.3l-6.2-6.3-6.2 6.3c-.2.2-.3.4-.3.7s.1.5.3.7c.2.2.4.3.7.3h11c.3 0 .5-.1.7-.3.2-.2.3-.5.3-.7s-.1-.5-.3-.7zM5.8 14.7l6.2 6.3 6.2-6.3c.2-.2.3-.5.3-.7s-.1-.5-.3-.7c-.2-.2-.4-.3-.7-.3h-11c-.3 0-.5.1-.7.3-.2.2-.3.5-.3.7s.1.5.3.7z\"\/><\/svg><\/span><\/span><\/span><\/a><\/span><\/div>\n<nav><ul class='ez-toc-list ez-toc-list-level-1 ' ><li class='ez-toc-page-1 ez-toc-heading-level-3'><a class=\"ez-toc-link ez-toc-heading-1\" href=\"https:\/\/www.sensacionrural.es\/blog\/arenas-iguna-lugar-encanto\/#Palacio_de_los_Hornillos\" title=\"Palacio de los Hornillos\">Palacio de los Hornillos<\/a><\/li><li class='ez-toc-page-1 ez-toc-heading-level-3'><a class=\"ez-toc-link ez-toc-heading-2\" href=\"https:\/\/www.sensacionrural.es\/blog\/arenas-iguna-lugar-encanto\/#Yacimientos_de_La_Espina_del_Gallego_Cilda_El_Canton_y_Campo_de_Las_Cercas\" title=\"Yacimientos de La Espina del Gallego, Cild\u00e1, El Cant\u00f3n y Campo de Las Cercas\">Yacimientos de La Espina del Gallego, Cild\u00e1, El Cant\u00f3n y Campo de Las Cercas<\/a><\/li><li class='ez-toc-page-1 ez-toc-heading-level-3'><a class=\"ez-toc-link ez-toc-heading-3\" href=\"https:\/\/www.sensacionrural.es\/blog\/arenas-iguna-lugar-encanto\/#Iglesia_de_San_Jorge\" title=\"Iglesia de San Jorge\">Iglesia de San Jorge<\/a><\/li><li class='ez-toc-page-1 ez-toc-heading-level-3'><a class=\"ez-toc-link ez-toc-heading-4\" href=\"https:\/\/www.sensacionrural.es\/blog\/arenas-iguna-lugar-encanto\/#Casonas_Montanesas\" title=\"Casonas Monta\u00f1esas\">Casonas Monta\u00f1esas<\/a><\/li><\/ul><\/nav><\/div>\n<h3><span class=\"ez-toc-section\" id=\"Palacio_de_los_Hornillos\"><\/span>Palacio de los Hornillos<span class=\"ez-toc-section-end\"><\/span><\/h3>\n<p style=\"text-align: center;\"><a href=\"https:\/\/www.sensacionrural.es\/blog\/wp-content\/uploads\/2015\/05\/palacio-de-los-hornillos.jpg\" data-rel=\"penci-gallery-image-content\" ><img fetchpriority=\"high\" decoding=\"async\" class=\"aligncenter wp-image-5244 size-full\" title=\"palacio hornillos\" src=\"https:\/\/www.sensacionrural.es\/blog\/wp-content\/uploads\/2015\/05\/palacio-de-los-hornillos.jpg\" alt=\"palacio-de-los-hornillos\" width=\"500\" height=\"218\" srcset=\"https:\/\/www.sensacionrural.es\/blog\/wp-content\/uploads\/2015\/05\/palacio-de-los-hornillos.jpg 500w, https:\/\/www.sensacionrural.es\/blog\/wp-content\/uploads\/2015\/05\/palacio-de-los-hornillos-300x131.jpg 300w\" sizes=\"(max-width: 500px) 100vw, 500px\" \/><\/a><\/p>\n<div><\/div>\n<div>Son dos palacios del siglo XVIII, situados en la finca m\u00e1s extensa de Cantabria, rodeados de bosques y jardines.<\/div>\n<div><\/div>\n<h3><span class=\"ez-toc-section\" id=\"Yacimientos_de_La_Espina_del_Gallego_Cilda_El_Canton_y_Campo_de_Las_Cercas\"><\/span>Yacimientos de La Espina del Gallego, Cild\u00e1, El Cant\u00f3n y Campo de Las Cercas<span class=\"ez-toc-section-end\"><\/span><\/h3>\n<div><\/div>\n<div>Zona arqueol\u00f3gica de la provincia de Cantabria que data de entre los a\u00f1os 29 a.c y 19 a.c. Los restos corresponden a campamentos militares que se construyeron durante las Guerras C\u00e1ntabras.<\/div>\n<div><\/div>\n<h3><span class=\"ez-toc-section\" id=\"Iglesia_de_San_Jorge\"><\/span>Iglesia de San Jorge<span class=\"ez-toc-section-end\"><\/span><\/h3>\n<p style=\"text-align: center;\"><a href=\"https:\/\/www.sensacionrural.es\/blog\/wp-content\/uploads\/2015\/05\/igleisa-san-jorge.jpg\" data-rel=\"penci-gallery-image-content\" ><img decoding=\"async\" class=\"aligncenter wp-image-5245 size-full\" title=\"iglesia san jorge\" src=\"https:\/\/www.sensacionrural.es\/blog\/wp-content\/uploads\/2015\/05\/igleisa-san-jorge.jpg\" alt=\"iglesia-san-jorge\" width=\"500\" height=\"257\" srcset=\"https:\/\/www.sensacionrural.es\/blog\/wp-content\/uploads\/2015\/05\/igleisa-san-jorge.jpg 500w, https:\/\/www.sensacionrural.es\/blog\/wp-content\/uploads\/2015\/05\/igleisa-san-jorge-300x154.jpg 300w\" sizes=\"(max-width: 500px) 100vw, 500px\" \/><\/a><\/p>\n<div><\/div>\n<div>Esta iglesia simula el Parten\u00f3n de Atenas, por propio deseo de sus primeros due\u00f1os, los Duques de Santo Mauro, que mandaron construirla a finales del siglo XIX.<\/div>\n<div><\/div>\n<h3><span class=\"ez-toc-section\" id=\"Casonas_Montanesas\"><\/span>Casonas Monta\u00f1esas<span class=\"ez-toc-section-end\"><\/span><\/h3>\n<p style=\"text-align: center;\">\n<div><\/div>\n<div>Casas de arquitectura t\u00edpica c\u00e1ntabra del siglo XIX que se encuentran repartidas por toda la localidad. Caben destacar las Casonas de Collantes, Ceballos o Quevedo.<\/div>\n<div><\/div>\n<div>Desde Sensaci\u00f3n Rural esperamos que os haya gustado esta propuesta y os animeis a conocer mejor este pueblo.<\/div>\n","protected":false},"excerpt":{"rendered":"<p>Hoy os queremos acercar a Arenas de Igu\u00f1a, un pueblo peque\u00f1ito situado en el centro&hellip;<\/p>\n","protected":false},"author":4,"featured_media":5244,"comment_status":"open","ping_status":"open","sticky":false,"template":"","format":"standard","meta":{"content-type":"","om_disable_all_campaigns":false,"footnotes":""},"categories":[38],"tags":[152,75],"aioseo_notices":[],"_links":{"self":[{"href":"https:\/\/www.sensacionrural.es\/blog\/wp-json\/wp\/v2\/posts\/5243"}],"collection":[{"href":"https:\/\/www.sensacionrural.es\/blog\/wp-json\/wp\/v2\/posts"}],"about":[{"href":"https:\/\/www.sensacionrural.es\/blog\/wp-json\/wp\/v2\/types\/post"}],"author":[{"embeddable":true,"href":"https:\/\/www.sensacionrural.es\/blog\/wp-json\/wp\/v2\/users\/4"}],"replies":[{"embeddable":true,"href":"https:\/\/www.sensacionrural.es\/blog\/wp-json\/wp\/v2\/comments?post=5243"}],"version-history":[{"count":3,"href":"https:\/\/www.sensacionrural.es\/blog\/wp-json\/wp\/v2\/posts\/5243\/revisions"}],"predecessor-version":[{"id":18671,"href":"https:\/\/www.sensacionrural.es\/blog\/wp-json\/wp\/v2\/posts\/5243\/revisions\/18671"}],"wp:featuredmedia":[{"embeddable":true,"href":"https:\/\/www.sensacionrural.es\/blog\/wp-json\/wp\/v2\/media\/5244"}],"wp:attachment":[{"href":"https:\/\/www.sensacionrural.es\/blog\/wp-json\/wp\/v2\/media?parent=5243"}],"wp:term":[{"taxonomy":"category","embeddable":true,"href":"https:\/\/www.sensacionrural.es\/blog\/wp-json\/wp\/v2\/categories?post=5243"},{"taxonomy":"post_tag","embeddable":true,"href":"https:\/\/www.sensacionrural.es\/blog\/wp-json\/wp\/v2\/tags?post=5243"}],"curies":[{"name":"wp","href":"https:\/\/api.w.org\/{rel}","templated":true}]}}