{"id":16496,"date":"2023-08-23T06:00:42","date_gmt":"2023-08-23T06:00:42","guid":{"rendered":"https:\/\/www.sensacionrural.es\/blog\/?p=16496"},"modified":"2024-04-24T18:24:35","modified_gmt":"2024-04-24T18:24:35","slug":"ribadeo-lugo-que-ver","status":"publish","type":"post","link":"https:\/\/www.sensacionrural.es\/blog\/ribadeo-lugo-que-ver\/","title":{"rendered":"Ribadeo (Lugo) | Qu\u00e9 ver en esta preciosa localidad"},"content":{"rendered":"<p>El municipio de Ribadeo es ampliamente conocido por la Playa de las Catedrales. Marcando la frontera con Asturias, con la r\u00eda de Ribadeo-Eo, esta localidad lucense tiene mucho que mostrar al visitante, m\u00e1s all\u00e1 de este monumento natural.<\/p>\n<p>Tal es as\u00ed, que en este post nos vamos a centrar principalmente en todo lo que puedes ver en Ribadeo, en su villa marinera, as\u00ed como en su entorno, \u00a1seguro que te maravillar\u00e1!<\/p>\n<p style=\"text-align: center;\"><a href=\"https:\/\/www.sensacionrural.es\/blog\/wp-content\/uploads\/2023\/06\/ribadeo-lugo.jpg\" data-rel=\"penci-gallery-image-content\" ><img fetchpriority=\"high\" decoding=\"async\" class=\"aligncenter size-full wp-image-16497\" src=\"https:\/\/www.sensacionrural.es\/blog\/wp-content\/uploads\/2023\/06\/ribadeo-lugo.jpg\" alt=\"ribadeo lugo\" width=\"800\" height=\"600\" srcset=\"https:\/\/www.sensacionrural.es\/blog\/wp-content\/uploads\/2023\/06\/ribadeo-lugo.jpg 800w, https:\/\/www.sensacionrural.es\/blog\/wp-content\/uploads\/2023\/06\/ribadeo-lugo-300x225.jpg 300w, https:\/\/www.sensacionrural.es\/blog\/wp-content\/uploads\/2023\/06\/ribadeo-lugo-768x576.jpg 768w, https:\/\/www.sensacionrural.es\/blog\/wp-content\/uploads\/2023\/06\/ribadeo-lugo-600x450.jpg 600w\" sizes=\"(max-width: 800px) 100vw, 800px\" \/><\/a><\/p>\n<p style=\"text-align: center;\">Suso Bande<\/p>\n<p>En este sentido, hay que tener en cuenta que, antes del auge del turismo, el principal motor econ\u00f3mico de Ribadeo ha sido siempre la pesca. No en vano, el puerto de Ribadeo lleg\u00f3 a ser el tercer puerto m\u00e1s importante de Galicia, tan solo por detr\u00e1s del de A Coru\u00f1a y el de Ferrol.<\/p>\n<blockquote><p>Por supuesto, el municipio lucense es perfecto para una pasar unos d\u00edas en plena naturaleza. Aqu\u00ed, te recomendamos <a href=\"https:\/\/www.sensacionrural.es\/casas-rurales-en-lugo\/ribadeo_p3962\">casas rurales en Ribadeo<\/a>, ideales para ti y tu familia.<\/p><\/blockquote>\n<div id=\"ez-toc-container\" class=\"ez-toc-v2_0_69_1 ez-toc-wrap-center counter-hierarchy ez-toc-counter ez-toc-grey ez-toc-container-direction\">\n<div class=\"ez-toc-title-container\">\n<p class=\"ez-toc-title \" >&Iacute;ndice de contenidos<\/p>\n<span class=\"ez-toc-title-toggle\"><a href=\"#\" class=\"ez-toc-pull-right ez-toc-btn ez-toc-btn-xs ez-toc-btn-default ez-toc-toggle\" aria-label=\"Toggle Table of Content\"><span class=\"ez-toc-js-icon-con\"><span class=\"\"><span class=\"eztoc-hide\" style=\"display:none;\">Toggle<\/span><span class=\"ez-toc-icon-toggle-span\"><svg style=\"fill: #999;color:#999\" xmlns=\"http:\/\/www.w3.org\/2000\/svg\" class=\"list-377408\" width=\"20px\" height=\"20px\" viewBox=\"0 0 24 24\" fill=\"none\"><path d=\"M6 6H4v2h2V6zm14 0H8v2h12V6zM4 11h2v2H4v-2zm16 0H8v2h12v-2zM4 16h2v2H4v-2zm16 0H8v2h12v-2z\" fill=\"currentColor\"><\/path><\/svg><svg style=\"fill: #999;color:#999\" class=\"arrow-unsorted-368013\" xmlns=\"http:\/\/www.w3.org\/2000\/svg\" width=\"10px\" height=\"10px\" viewBox=\"0 0 24 24\" version=\"1.2\" baseProfile=\"tiny\"><path d=\"M18.2 9.3l-6.2-6.3-6.2 6.3c-.2.2-.3.4-.3.7s.1.5.3.7c.2.2.4.3.7.3h11c.3 0 .5-.1.7-.3.2-.2.3-.5.3-.7s-.1-.5-.3-.7zM5.8 14.7l6.2 6.3 6.2-6.3c.2-.2.3-.5.3-.7s-.1-.5-.3-.7c-.2-.2-.4-.3-.7-.3h-11c-.3 0-.5.1-.7.3-.2.2-.3.5-.3.7s.1.5.3.7z\"\/><\/svg><\/span><\/span><\/span><\/a><\/span><\/div>\n<nav><ul class='ez-toc-list ez-toc-list-level-1 ' ><li class='ez-toc-page-1 ez-toc-heading-level-2'><a class=\"ez-toc-link ez-toc-heading-1\" href=\"https:\/\/www.sensacionrural.es\/blog\/ribadeo-lugo-que-ver\/#Que_ver_en_la_Villa_de_Ribadeo\" title=\"Qu\u00e9 ver en la Villa de Ribadeo\">Qu\u00e9 ver en la Villa de Ribadeo<\/a><ul class='ez-toc-list-level-3' ><li class='ez-toc-heading-level-3'><a class=\"ez-toc-link ez-toc-heading-2\" href=\"https:\/\/www.sensacionrural.es\/blog\/ribadeo-lugo-que-ver\/#Plaza_de_Espana\" title=\"Plaza de Espa\u00f1a\">Plaza de Espa\u00f1a<\/a><\/li><li class='ez-toc-page-1 ez-toc-heading-level-3'><a class=\"ez-toc-link ez-toc-heading-3\" href=\"https:\/\/www.sensacionrural.es\/blog\/ribadeo-lugo-que-ver\/#Torre_de_los_Moreno\" title=\"Torre de los Moreno\">Torre de los Moreno<\/a><\/li><li class='ez-toc-page-1 ez-toc-heading-level-3'><a class=\"ez-toc-link ez-toc-heading-4\" href=\"https:\/\/www.sensacionrural.es\/blog\/ribadeo-lugo-que-ver\/#Iglesia_de_Santa_Maria_del_Campo\" title=\"Iglesia de Santa Mar\u00eda del Campo\">Iglesia de Santa Mar\u00eda del Campo<\/a><\/li><li class='ez-toc-page-1 ez-toc-heading-level-3'><a class=\"ez-toc-link ez-toc-heading-5\" href=\"https:\/\/www.sensacionrural.es\/blog\/ribadeo-lugo-que-ver\/#Barrio_de_San_Roque\" title=\"Barrio de San Roque\">Barrio de San Roque<\/a><\/li><li class='ez-toc-page-1 ez-toc-heading-level-3'><a class=\"ez-toc-link ez-toc-heading-6\" href=\"https:\/\/www.sensacionrural.es\/blog\/ribadeo-lugo-que-ver\/#Casa_do_Patin\" title=\"Casa do Pat\u00edn\">Casa do Pat\u00edn<\/a><\/li><li class='ez-toc-page-1 ez-toc-heading-level-3'><a class=\"ez-toc-link ez-toc-heading-7\" href=\"https:\/\/www.sensacionrural.es\/blog\/ribadeo-lugo-que-ver\/#Parque_de_la_Atalaya\" title=\"Parque de la Atalaya\">Parque de la Atalaya<\/a><\/li><li class='ez-toc-page-1 ez-toc-heading-level-3'><a class=\"ez-toc-link ez-toc-heading-8\" href=\"https:\/\/www.sensacionrural.es\/blog\/ribadeo-lugo-que-ver\/#Puerto_de_Ribadeo\" title=\"Puerto de Ribadeo\">Puerto de Ribadeo<\/a><\/li><\/ul><\/li><li class='ez-toc-page-1 ez-toc-heading-level-2'><a class=\"ez-toc-link ez-toc-heading-9\" href=\"https:\/\/www.sensacionrural.es\/blog\/ribadeo-lugo-que-ver\/#Que_ver_en_el_resto_del_municipio_de_Ribadeo\" title=\"Qu\u00e9 ver en el resto del municipio de Ribadeo\">Qu\u00e9 ver en el resto del municipio de Ribadeo<\/a><ul class='ez-toc-list-level-3' ><li class='ez-toc-heading-level-3'><a class=\"ez-toc-link ez-toc-heading-10\" href=\"https:\/\/www.sensacionrural.es\/blog\/ribadeo-lugo-que-ver\/#Playa_de_las_Catedrales\" title=\"Playa de las Catedrales\">Playa de las Catedrales<\/a><\/li><li class='ez-toc-page-1 ez-toc-heading-level-3'><a class=\"ez-toc-link ez-toc-heading-11\" href=\"https:\/\/www.sensacionrural.es\/blog\/ribadeo-lugo-que-ver\/#Otras_Playas_de_Ribadeo\" title=\"Otras Playas de Ribadeo\">Otras Playas de Ribadeo<\/a><\/li><li class='ez-toc-page-1 ez-toc-heading-level-3'><a class=\"ez-toc-link ez-toc-heading-12\" href=\"https:\/\/www.sensacionrural.es\/blog\/ribadeo-lugo-que-ver\/#Faro_de_la_Illa_Pancha\" title=\"Faro de la Illa Pancha\">Faro de la Illa Pancha<\/a><\/li><li class='ez-toc-page-1 ez-toc-heading-level-3'><a class=\"ez-toc-link ez-toc-heading-13\" href=\"https:\/\/www.sensacionrural.es\/blog\/ribadeo-lugo-que-ver\/#Rinlo\" title=\"Rinlo\">Rinlo<\/a><\/li><\/ul><\/li><\/ul><\/nav><\/div>\n<h2><span class=\"ez-toc-section\" id=\"Que_ver_en_la_Villa_de_Ribadeo\"><\/span>Qu\u00e9 ver en la Villa de Ribadeo<span class=\"ez-toc-section-end\"><\/span><\/h2>\n<p>Desde el puerto a un maravilloso mirador, pasando por un sinf\u00edn de casas de estilo indiano a antiguas casas medievales. Todo ello se entremezcla en esta villa. Efectivamente, tienes muchos que ver en Ribadeo.<\/p>\n<p style=\"text-align: center;\"><a href=\"https:\/\/www.sensacionrural.es\/blog\/wp-content\/uploads\/2023\/06\/ribadeo-que-ver.jpg\" data-rel=\"penci-gallery-image-content\" ><img decoding=\"async\" class=\"aligncenter size-full wp-image-16498\" src=\"https:\/\/www.sensacionrural.es\/blog\/wp-content\/uploads\/2023\/06\/ribadeo-que-ver.jpg\" alt=\"ribadeo que ver\" width=\"800\" height=\"531\" srcset=\"https:\/\/www.sensacionrural.es\/blog\/wp-content\/uploads\/2023\/06\/ribadeo-que-ver.jpg 800w, https:\/\/www.sensacionrural.es\/blog\/wp-content\/uploads\/2023\/06\/ribadeo-que-ver-300x199.jpg 300w, https:\/\/www.sensacionrural.es\/blog\/wp-content\/uploads\/2023\/06\/ribadeo-que-ver-768x510.jpg 768w, https:\/\/www.sensacionrural.es\/blog\/wp-content\/uploads\/2023\/06\/ribadeo-que-ver-600x398.jpg 600w\" sizes=\"(max-width: 800px) 100vw, 800px\" \/><\/a><\/p>\n<p style=\"text-align: center;\">Alex Poulsen<\/p>\n<h3><span class=\"ez-toc-section\" id=\"Plaza_de_Espana\"><\/span>Plaza de Espa\u00f1a<span class=\"ez-toc-section-end\"><\/span><\/h3>\n<p>La Plaza de Espa\u00f1a es el punto neur\u00e1lgico de Ribadeo y uno de los mejores lugares para poder pasear por Ribadeo y desde donde podr\u00e1s ver directamente algunos de los monumentos m\u00e1s interesantes y de los que hablaremos a continuaci\u00f3n, como la Torre de los Moreno o el Pazo de Ib\u00e1\u00f1ez, hoy ayuntamiento de Ribadeo.<\/p>\n<p style=\"text-align: center;\"><a href=\"https:\/\/www.sensacionrural.es\/blog\/wp-content\/uploads\/2023\/06\/plaza-espana-ribadeo.jpg\" data-rel=\"penci-gallery-image-content\" ><img decoding=\"async\" class=\"aligncenter size-full wp-image-16499\" src=\"https:\/\/www.sensacionrural.es\/blog\/wp-content\/uploads\/2023\/06\/plaza-espana-ribadeo.jpg\" alt=\"plaza espa\u00f1a ribadeo\" width=\"640\" height=\"480\" srcset=\"https:\/\/www.sensacionrural.es\/blog\/wp-content\/uploads\/2023\/06\/plaza-espana-ribadeo.jpg 640w, https:\/\/www.sensacionrural.es\/blog\/wp-content\/uploads\/2023\/06\/plaza-espana-ribadeo-300x225.jpg 300w, https:\/\/www.sensacionrural.es\/blog\/wp-content\/uploads\/2023\/06\/plaza-espana-ribadeo-600x450.jpg 600w\" sizes=\"(max-width: 640px) 100vw, 640px\" \/><\/a><\/p>\n<p style=\"text-align: center;\">Certo Xornal<\/p>\n<p>Sus cuidados jardines y edificios a su alrededor hace que estemos ante una de las plazas m\u00e1s bonitas de Galicia. De la misma manera, desde esta plaza podr\u00e1s conocer otros lugares como el Convento de Santa Clara o la Iglesia de Santa Mar\u00eda del Campo.<\/p>\n<h3><span class=\"ez-toc-section\" id=\"Torre_de_los_Moreno\"><\/span>Torre de los Moreno<span class=\"ez-toc-section-end\"><\/span><\/h3>\n<p>Junto al parque, el visitante puede encontrar el que es el edificio m\u00e1s representativo de la villa de Ribadeo. Nos estamos refiriendo a la Torre de los Moreno. Construido a principios del siglo XX, es un edificio de construcci\u00f3n modernista y de un estilo indiano que impacta a cualquiera que la ve.<\/p>\n<p style=\"text-align: center;\"><a href=\"https:\/\/www.sensacionrural.es\/blog\/wp-content\/uploads\/2023\/06\/torre-moreno-ribadeo.jpeg\" data-rel=\"penci-gallery-image-content\" ><img loading=\"lazy\" decoding=\"async\" class=\"aligncenter size-full wp-image-16500\" src=\"https:\/\/www.sensacionrural.es\/blog\/wp-content\/uploads\/2023\/06\/torre-moreno-ribadeo.jpeg\" alt=\"torre moreno ribadeo\" width=\"640\" height=\"480\" srcset=\"https:\/\/www.sensacionrural.es\/blog\/wp-content\/uploads\/2023\/06\/torre-moreno-ribadeo.jpeg 640w, https:\/\/www.sensacionrural.es\/blog\/wp-content\/uploads\/2023\/06\/torre-moreno-ribadeo-300x225.jpeg 300w, https:\/\/www.sensacionrural.es\/blog\/wp-content\/uploads\/2023\/06\/torre-moreno-ribadeo-600x450.jpeg 600w\" sizes=\"(max-width: 640px) 100vw, 640px\" \/><\/a><\/p>\n<p style=\"text-align: center;\">Robot8A<\/p>\n<p>En este sentido, lo m\u00e1s sobresaliente y caracter\u00edstico es su torre circular, situada en la esquina, Con una fachada perfectamente decorada, culminada con un tejado de cer\u00e1mica vidriada de color rojo. Los adornos de vidrieras, grecas, m\u00e1rmol y alicatados determinan un palacio de lo m\u00e1s singular que, por desgracia, ahora est\u00e1 en ruinas. Se prev\u00e9 que se rehabilite y convierta pr\u00f3ximamente en un hotel.<\/p>\n<h3><span class=\"ez-toc-section\" id=\"Iglesia_de_Santa_Maria_del_Campo\"><\/span>Iglesia de Santa Mar\u00eda del Campo<span class=\"ez-toc-section-end\"><\/span><\/h3>\n<p>Situado tambi\u00e9n en la Plaza Espa\u00f1a, el monumento religioso m\u00e1s destacado de Ribadeo. De grandes dimensiones, antiguamente era un convento franciscano que fue abandonada en 1835 por los monjes y que fue asignada como iglesia parroquial a la advocaci\u00f3n de Santa Mar\u00eda del Campo. Un edificio de siller\u00eda gran\u00edtica que te asombrar\u00e1.<\/p>\n<p>Entre los elementos m\u00e1s interesantes de la Iglesia de Santa Mar\u00eda del Campo es su p\u00f3rtico frontal de estil g\u00f3tico, del siglo XIV. La torre campanario, situada en la parte central de la iglesia, es de estilo neog\u00f3tico, mientras que en el interior destacan dos retablos barrocos del siglo XVIII.<\/p>\n<h3><span class=\"ez-toc-section\" id=\"Barrio_de_San_Roque\"><\/span>Barrio de San Roque<span class=\"ez-toc-section-end\"><\/span><\/h3>\n<p>Ribadeo es una localidad a la que muchos emigrantes volvieron tras \u201chacer las Am\u00e9ricas\u201d. Esto obviamente tuvo una fuerte influencia en algunos de sus edificios, como se puede comprobar principalmente en el Barrio de San Roque.<\/p>\n<p style=\"text-align: center;\"><a href=\"https:\/\/www.sensacionrural.es\/blog\/wp-content\/uploads\/2023\/06\/barrio-san-roque-ribadeo.jpg\" data-rel=\"penci-gallery-image-content\" ><img loading=\"lazy\" decoding=\"async\" class=\"aligncenter size-full wp-image-16501\" src=\"https:\/\/www.sensacionrural.es\/blog\/wp-content\/uploads\/2023\/06\/barrio-san-roque-ribadeo.jpg\" alt=\"barrio san roque ribadeo\" width=\"640\" height=\"480\" srcset=\"https:\/\/www.sensacionrural.es\/blog\/wp-content\/uploads\/2023\/06\/barrio-san-roque-ribadeo.jpg 640w, https:\/\/www.sensacionrural.es\/blog\/wp-content\/uploads\/2023\/06\/barrio-san-roque-ribadeo-300x225.jpg 300w, https:\/\/www.sensacionrural.es\/blog\/wp-content\/uploads\/2023\/06\/barrio-san-roque-ribadeo-600x450.jpg 600w\" sizes=\"(max-width: 640px) 100vw, 640px\" \/><\/a><\/p>\n<p style=\"text-align: center;\">Fernando Losada<\/p>\n<p>Aqu\u00ed, podr\u00e1 ver numerosas casas y mansiones de estilo indiano. Edificaciones de lo m\u00e1s coloridas, como la Casa Rosa o la Casa de Don Clemente, en las cuales se combinan estilos arquitect\u00f3nicos modernistas con algunos m\u00e1s propios de la arquitectura colonial del otro lado del charco.<\/p>\n<h3><span class=\"ez-toc-section\" id=\"Casa_do_Patin\"><\/span>Casa do Pat\u00edn<span class=\"ez-toc-section-end\"><\/span><\/h3>\n<p>Ubicada en la parte medieval de Ribadeo, donde todav\u00eda se pueden ver restos del que fuera el recinto amurallado de la localidad, podemos encontrar otro de los lugares con m\u00e1s inter\u00e9s de Ribadeo.<\/p>\n<p>En este caso, nos referimos a la Casa do Pat\u00edn, una preciosa casa medieval, considerada como la edificaci\u00f3n civil m\u00e1s antigua de Ribadeo. La casa se caracteriza por sus arcos de piedra y el escudo de los Men\u00e9ndez-Navia y Villamil, as\u00ed como la vegetaci\u00f3n que cubre bellamente la fachada. Restaurada, la Casa do Pat\u00edn es hoy en d\u00eda la biblioteca municipal de Ribadeo.<\/p>\n<h3><span class=\"ez-toc-section\" id=\"Parque_de_la_Atalaya\"><\/span>Parque de la Atalaya<span class=\"ez-toc-section-end\"><\/span><\/h3>\n<p>En la parte m\u00e1s elevada de Ribadeo est\u00e1 el Parque de la Atalaya, el cual se sirve precisamente de la antigua atalaya de la localidad, con sus ca\u00f1ones, custodiando la Capilla de la Trinidad. El baluarte fue edificado en el siglo XVI, en la parte m\u00e1s estrat\u00e9gica de Ribadeo, para defender la entrada de la r\u00eda.<\/p>\n<p style=\"text-align: center;\"><a href=\"https:\/\/www.sensacionrural.es\/blog\/wp-content\/uploads\/2023\/06\/parque-atalaya-ribadeo.jpg\" data-rel=\"penci-gallery-image-content\" ><img loading=\"lazy\" decoding=\"async\" class=\"aligncenter size-full wp-image-16502\" src=\"https:\/\/www.sensacionrural.es\/blog\/wp-content\/uploads\/2023\/06\/parque-atalaya-ribadeo.jpg\" alt=\"parque atalaya ribadeo\" width=\"640\" height=\"427\" srcset=\"https:\/\/www.sensacionrural.es\/blog\/wp-content\/uploads\/2023\/06\/parque-atalaya-ribadeo.jpg 640w, https:\/\/www.sensacionrural.es\/blog\/wp-content\/uploads\/2023\/06\/parque-atalaya-ribadeo-300x200.jpg 300w, https:\/\/www.sensacionrural.es\/blog\/wp-content\/uploads\/2023\/06\/parque-atalaya-ribadeo-600x400.jpg 600w\" sizes=\"(max-width: 640px) 100vw, 640px\" \/><\/a><\/p>\n<p style=\"text-align: center;\">Anual<\/p>\n<p>En lo que respecta a la capilla, la Capilla de la Trinidad fue construida en el siglo XII, siendo el lugar que eleg\u00edan los gremios para reunirse. De reducidas dimensiones, sobresale por puerta g\u00f3tica del siglo XIV. Gracias a su altura, el parque tambi\u00e9n ejerce de mirador, pudiendo ver el puerto, la r\u00eda y el Puente de los Santos<\/p>\n<h3><span class=\"ez-toc-section\" id=\"Puerto_de_Ribadeo\"><\/span>Puerto de Ribadeo<span class=\"ez-toc-section-end\"><\/span><\/h3>\n<p>Dejamos para el final aquello que m\u00e1s importancia hist\u00f3rica ha tenido para el porvenir econ\u00f3mico de Ribadeo. Hablamos de su puerto pesquero, el cual ahora ejerce m\u00e1s bien como puerto recreativo.<\/p>\n<p style=\"text-align: center;\"><a href=\"https:\/\/www.sensacionrural.es\/blog\/wp-content\/uploads\/2023\/06\/puerto-ribadeo.jpg\" data-rel=\"penci-gallery-image-content\" ><img loading=\"lazy\" decoding=\"async\" class=\"aligncenter size-full wp-image-16503\" src=\"https:\/\/www.sensacionrural.es\/blog\/wp-content\/uploads\/2023\/06\/puerto-ribadeo.jpg\" alt=\"puerto ribadeo\" width=\"640\" height=\"480\" srcset=\"https:\/\/www.sensacionrural.es\/blog\/wp-content\/uploads\/2023\/06\/puerto-ribadeo.jpg 640w, https:\/\/www.sensacionrural.es\/blog\/wp-content\/uploads\/2023\/06\/puerto-ribadeo-300x225.jpg 300w, https:\/\/www.sensacionrural.es\/blog\/wp-content\/uploads\/2023\/06\/puerto-ribadeo-600x450.jpg 600w\" sizes=\"(max-width: 640px) 100vw, 640px\" \/><\/a><\/p>\n<p style=\"text-align: center;\">Suso Bande<\/p>\n<p>Sin embargo, ello no quita para que siga habiendo ciertas reminiscencias del que fuera uno de los m\u00e1s importantes del territorio gallego. Paseando por el puerto y sus alrededores podr\u00e1s encontrar un pazo del siglo XVIII o la antigua aduana del puerto de Ribadeo.<\/p>\n<h2><span class=\"ez-toc-section\" id=\"Que_ver_en_el_resto_del_municipio_de_Ribadeo\"><\/span>Qu\u00e9 ver en el resto del municipio de Ribadeo<span class=\"ez-toc-section-end\"><\/span><\/h2>\n<p>A continuaci\u00f3n, vamos a descubrir algunos de los lugares que puedes ver en el municipio de Ribadeo y que est\u00e1n m\u00e1s all\u00e1 de la villa marinera. Diferentes lugares que 100% recomendables para descubrir la zona este de Lugo.<\/p>\n<h3><span class=\"ez-toc-section\" id=\"Playa_de_las_Catedrales\"><\/span>Playa de las Catedrales<span class=\"ez-toc-section-end\"><\/span><\/h3>\n<p>Si mencionamos la Playa de Aguas Santas, probablemente no tengas ni la menor idea de qu\u00e9 estamos hablando. Ahora, por el sobrenombre la Playa de las Catedrales, ya es otra historia. Situada en la parte occidental del municipio lucense, la Playa de las Catedrales es uno de los mayores atractivos de Galicia.<\/p>\n<p style=\"text-align: center;\"><a href=\"https:\/\/www.sensacionrural.es\/blog\/wp-content\/uploads\/2023\/06\/playa-catedrales-ribadeo.jpeg\" data-rel=\"penci-gallery-image-content\" ><img loading=\"lazy\" decoding=\"async\" class=\"aligncenter size-full wp-image-16504\" src=\"https:\/\/www.sensacionrural.es\/blog\/wp-content\/uploads\/2023\/06\/playa-catedrales-ribadeo.jpeg\" alt=\"playa catedrales ribadeo\" width=\"640\" height=\"427\" srcset=\"https:\/\/www.sensacionrural.es\/blog\/wp-content\/uploads\/2023\/06\/playa-catedrales-ribadeo.jpeg 640w, https:\/\/www.sensacionrural.es\/blog\/wp-content\/uploads\/2023\/06\/playa-catedrales-ribadeo-300x200.jpeg 300w, https:\/\/www.sensacionrural.es\/blog\/wp-content\/uploads\/2023\/06\/playa-catedrales-ribadeo-600x400.jpeg 600w\" sizes=\"(max-width: 640px) 100vw, 640px\" \/><\/a><\/p>\n<p style=\"text-align: center;\">Andrea<\/p>\n<p>El nombre de la Playa de las Catedrales se debe a sus majestuosos acantilados, junto con colosales elementos como arcos y cuevas. Un monumento natural que hay que visitar s\u00ed o s\u00ed. Ahora bien, ten en cuenta una serie de condiciones. En primer lugar, que para visitarlo a pie de playa es necesario que sea durante la bajamar. En segundo lugar es que, en per\u00edodos estivales, es necesario sacar entrada para poder visitarla.<\/p>\n<h3><span class=\"ez-toc-section\" id=\"Otras_Playas_de_Ribadeo\"><\/span>Otras Playas de Ribadeo<span class=\"ez-toc-section-end\"><\/span><\/h3>\n<p>La Playa de Las Catedrales es la playa de Ribadeo m\u00e1s conocida, pero no suele ser la mejor opci\u00f3n para un d\u00eda de playa, debido al gran n\u00famero de turistas que hay en ella. No es problema, puesto que Ribadeo tiene otras muchas playas de una singular belleza, con sus famosos acantilados y rocas salientes, ideales para pasar el d\u00eda al sol.<\/p>\n<p>Simplemente, te vamos a mencionar algunas playas que tambi\u00e9n son muy bellas y que est\u00e1n m\u00e1s aisladas, como son la Playa de os Castros, la Playa de Esteiro o la Playa de As illas.<\/p>\n<h3><span class=\"ez-toc-section\" id=\"Faro_de_la_Illa_Pancha\"><\/span>Faro de la Illa Pancha<span class=\"ez-toc-section-end\"><\/span><\/h3>\n<p>En la parte m\u00e1s externa de la R\u00eda de Ribadeo, en una isla conectada, podemos encontrar el que es uno de los faros m\u00e1s bellos de Espa\u00f1a, \u00a1y eso ya es mucho decir! Nos referimos al Faro de la Illa Pancha.<\/p>\n<p style=\"text-align: center;\"><a href=\"https:\/\/www.sensacionrural.es\/blog\/wp-content\/uploads\/2023\/06\/faro-illa-pancha-ribadeo.jpg\" data-rel=\"penci-gallery-image-content\" ><img loading=\"lazy\" decoding=\"async\" class=\"aligncenter size-full wp-image-16505\" src=\"https:\/\/www.sensacionrural.es\/blog\/wp-content\/uploads\/2023\/06\/faro-illa-pancha-ribadeo.jpg\" alt=\"faro illa pancha\" width=\"640\" height=\"482\" srcset=\"https:\/\/www.sensacionrural.es\/blog\/wp-content\/uploads\/2023\/06\/faro-illa-pancha-ribadeo.jpg 640w, https:\/\/www.sensacionrural.es\/blog\/wp-content\/uploads\/2023\/06\/faro-illa-pancha-ribadeo-300x226.jpg 300w, https:\/\/www.sensacionrural.es\/blog\/wp-content\/uploads\/2023\/06\/faro-illa-pancha-ribadeo-600x452.jpg 600w\" sizes=\"(max-width: 640px) 100vw, 640px\" \/><\/a><\/p>\n<p style=\"text-align: center;\">Jos\u00e9 Luis Cernadas Iglesias<\/p>\n<p>Construido en 1857, este faro de planta cuadrada, de azul y blanco est\u00e1 ubicado en un lugar sensacional, junto al faro m\u00e1s nuevo que se construy\u00f3 posteriormente. El paraje es m\u00e1s bello si cabe en los inicios de primavera, cuando se crea un tapiz morado, gracias a la flor de las u\u00f1as de gato.<\/p>\n<h3><span class=\"ez-toc-section\" id=\"Rinlo\"><\/span>Rinlo<span class=\"ez-toc-section-end\"><\/span><\/h3>\n<p>Rinlo es una de las peque\u00f1as parroquias que hay en Ribadeo. Un pueblo pescador que destaca por sus casas coloridas y por poseer una de las cofrad\u00edas de pescadores m\u00e1s antiguas de la zona. Un ejemplo m\u00e1s del pasado marinero de Rinlo se encuentra en las antiguas cet\u00e1reas que se construyeron para la crianza de marisco.<\/p>\n<p style=\"text-align: center;\"><a href=\"https:\/\/www.sensacionrural.es\/blog\/wp-content\/uploads\/2023\/06\/rinlo-ribadeo.jpg\" data-rel=\"penci-gallery-image-content\" ><img loading=\"lazy\" decoding=\"async\" class=\"aligncenter size-full wp-image-16506\" src=\"https:\/\/www.sensacionrural.es\/blog\/wp-content\/uploads\/2023\/06\/rinlo-ribadeo.jpg\" alt=\"rinlo ribadeo\" width=\"640\" height=\"427\" srcset=\"https:\/\/www.sensacionrural.es\/blog\/wp-content\/uploads\/2023\/06\/rinlo-ribadeo.jpg 640w, https:\/\/www.sensacionrural.es\/blog\/wp-content\/uploads\/2023\/06\/rinlo-ribadeo-300x200.jpg 300w, https:\/\/www.sensacionrural.es\/blog\/wp-content\/uploads\/2023\/06\/rinlo-ribadeo-600x400.jpg 600w\" sizes=\"(max-width: 640px) 100vw, 640px\" \/><\/a><\/p>\n<p style=\"text-align: center;\">Estevoaei<\/p>\n<p>Adem\u00e1s de pasear por las calles de Rinlo y disfrutar de sus casas marineras, te recomendamos conocer la Iglesia de San Pedro, de un marcado estilo neocl\u00e1sico.<\/p>\n<p>\u00bfQu\u00e9 te parece? No cabe la menor duda de que hay mucho por descubrir en Ribadeo. Planifica tu viaje y, simplemente, disfruta.<\/p>\n","protected":false},"excerpt":{"rendered":"<p>El municipio de Ribadeo es ampliamente conocido por la Playa de las Catedrales. Marcando la&hellip;<\/p>\n","protected":false},"author":6,"featured_media":16497,"comment_status":"open","ping_status":"open","sticky":false,"template":"","format":"standard","meta":{"content-type":"","om_disable_all_campaigns":false,"footnotes":""},"categories":[37,256,348],"tags":[54,325],"aioseo_notices":[],"_links":{"self":[{"href":"https:\/\/www.sensacionrural.es\/blog\/wp-json\/wp\/v2\/posts\/16496"}],"collection":[{"href":"https:\/\/www.sensacionrural.es\/blog\/wp-json\/wp\/v2\/posts"}],"about":[{"href":"https:\/\/www.sensacionrural.es\/blog\/wp-json\/wp\/v2\/types\/post"}],"author":[{"embeddable":true,"href":"https:\/\/www.sensacionrural.es\/blog\/wp-json\/wp\/v2\/users\/6"}],"replies":[{"embeddable":true,"href":"https:\/\/www.sensacionrural.es\/blog\/wp-json\/wp\/v2\/comments?post=16496"}],"version-history":[{"count":12,"href":"https:\/\/www.sensacionrural.es\/blog\/wp-json\/wp\/v2\/posts\/16496\/revisions"}],"predecessor-version":[{"id":22244,"href":"https:\/\/www.sensacionrural.es\/blog\/wp-json\/wp\/v2\/posts\/16496\/revisions\/22244"}],"wp:featuredmedia":[{"embeddable":true,"href":"https:\/\/www.sensacionrural.es\/blog\/wp-json\/wp\/v2\/media\/16497"}],"wp:attachment":[{"href":"https:\/\/www.sensacionrural.es\/blog\/wp-json\/wp\/v2\/media?parent=16496"}],"wp:term":[{"taxonomy":"category","embeddable":true,"href":"https:\/\/www.sensacionrural.es\/blog\/wp-json\/wp\/v2\/categories?post=16496"},{"taxonomy":"post_tag","embeddable":true,"href":"https:\/\/www.sensacionrural.es\/blog\/wp-json\/wp\/v2\/tags?post=16496"}],"curies":[{"name":"wp","href":"https:\/\/api.w.org\/{rel}","templated":true}]}}