{"id":14300,"date":"2020-12-23T11:08:27","date_gmt":"2020-12-23T11:08:27","guid":{"rendered":"https:\/\/www.sensacionrural.es\/blog\/?p=14300"},"modified":"2023-10-20T08:48:17","modified_gmt":"2023-10-20T08:48:17","slug":"viento-de-ladera-alojamiento-rural-fuentemilanos","status":"publish","type":"post","link":"https:\/\/www.sensacionrural.es\/blog\/viento-de-ladera-alojamiento-rural-fuentemilanos\/","title":{"rendered":"Viento de Ladera, un maravilloso alojamiento en Fuentemilanos"},"content":{"rendered":"<p>\u00bfNecesitas desconectar durante unos d\u00edas? Si buscas pasar un fin de semana en un alojamiento rural, \u00a1tenemos la mejor soluci\u00f3n para ti! Para que puedas relajarte y disfrutar de un espectacular entorno, te proponemos un lugar que no podr\u00e1s dejar escapar.<\/p>\n<p>Disfruta de un espacio de relax en la falda del Parque Nacional del Guadarrama, vistas incre\u00edbles a la sierra y m\u00e1s desde el aire. \u00bfTe gusta volar? Ven y vuela alto con el Viento de Ladera. Esta casa rural es perfecta para conocer los alrededores de Segovia, lo encontrar\u00e1s en el municipio de Fuentemilanos.<\/p>\n<p style=\"text-align: center;\"><a href=\"https:\/\/www.sensacionrural.es\/blog\/wp-content\/uploads\/2020\/12\/casa-rural-viento-de-ladera.jpg\" data-rel=\"penci-gallery-image-content\" ><img fetchpriority=\"high\" decoding=\"async\" class=\"aligncenter size-full wp-image-14301\" src=\"https:\/\/www.sensacionrural.es\/blog\/wp-content\/uploads\/2020\/12\/casa-rural-viento-de-ladera.jpg\" alt=\"casa rural viento de ladera\" width=\"700\" height=\"525\" srcset=\"https:\/\/www.sensacionrural.es\/blog\/wp-content\/uploads\/2020\/12\/casa-rural-viento-de-ladera.jpg 700w, https:\/\/www.sensacionrural.es\/blog\/wp-content\/uploads\/2020\/12\/casa-rural-viento-de-ladera-300x225.jpg 300w, https:\/\/www.sensacionrural.es\/blog\/wp-content\/uploads\/2020\/12\/casa-rural-viento-de-ladera-600x450.jpg 600w\" sizes=\"(max-width: 700px) 100vw, 700px\" \/><\/a><\/p>\n<blockquote><p><em><span style=\"color: #80bd03;\"><i class=\"fa fa-home\">\u00a0 \u00a0<\/i><\/span><em>An\u00edmate y reserva ya tu pr\u00f3xima escapada a Segovia, en<a href=\"https:\/\/www.sensacionrural.es\/casas-rurales-en-segovia\/viento-de-ladera_59974\"> Viento de Ladera<\/a>. \u00a1Un alojamiento con un encanto especial, para vivir un viaje inolvidable!<\/em><\/em><\/p><\/blockquote>\n<p>La mejor forma de conocer estas tierras por todo lo alto es en Fuentemilanos. Viento de Ladera se encuentra muy cerca de lugares tan incre\u00edbles como el Parque Natural del Guadarrama, as\u00ed como del Palacio Real de la Granja de San Ildefonso. \u00a1An\u00edmate y descubre este espl\u00e9ndido lugar!<\/p>\n<div id=\"ez-toc-container\" class=\"ez-toc-v2_0_69_1 ez-toc-wrap-center counter-hierarchy ez-toc-counter ez-toc-grey ez-toc-container-direction\">\n<div class=\"ez-toc-title-container\">\n<p class=\"ez-toc-title \" >&Iacute;ndice de contenidos<\/p>\n<span class=\"ez-toc-title-toggle\"><a href=\"#\" class=\"ez-toc-pull-right ez-toc-btn ez-toc-btn-xs ez-toc-btn-default ez-toc-toggle\" aria-label=\"Toggle Table of Content\"><span class=\"ez-toc-js-icon-con\"><span class=\"\"><span class=\"eztoc-hide\" style=\"display:none;\">Toggle<\/span><span class=\"ez-toc-icon-toggle-span\"><svg style=\"fill: #999;color:#999\" xmlns=\"http:\/\/www.w3.org\/2000\/svg\" class=\"list-377408\" width=\"20px\" height=\"20px\" viewBox=\"0 0 24 24\" fill=\"none\"><path d=\"M6 6H4v2h2V6zm14 0H8v2h12V6zM4 11h2v2H4v-2zm16 0H8v2h12v-2zM4 16h2v2H4v-2zm16 0H8v2h12v-2z\" fill=\"currentColor\"><\/path><\/svg><svg style=\"fill: #999;color:#999\" class=\"arrow-unsorted-368013\" xmlns=\"http:\/\/www.w3.org\/2000\/svg\" width=\"10px\" height=\"10px\" viewBox=\"0 0 24 24\" version=\"1.2\" baseProfile=\"tiny\"><path d=\"M18.2 9.3l-6.2-6.3-6.2 6.3c-.2.2-.3.4-.3.7s.1.5.3.7c.2.2.4.3.7.3h11c.3 0 .5-.1.7-.3.2-.2.3-.5.3-.7s-.1-.5-.3-.7zM5.8 14.7l6.2 6.3 6.2-6.3c.2-.2.3-.5.3-.7s-.1-.5-.3-.7c-.2-.2-.4-.3-.7-.3h-11c-.3 0-.5.1-.7.3-.2.2-.3.5-.3.7s.1.5.3.7z\"\/><\/svg><\/span><\/span><\/span><\/a><\/span><\/div>\n<nav><ul class='ez-toc-list ez-toc-list-level-1 ' ><li class='ez-toc-page-1 ez-toc-heading-level-2'><a class=\"ez-toc-link ez-toc-heading-1\" href=\"https:\/\/www.sensacionrural.es\/blog\/viento-de-ladera-alojamiento-rural-fuentemilanos\/#Conoce_el_fabuloso_alojamiento_Viento_de_Ladera\" title=\"Conoce el fabuloso alojamiento Viento de Ladera\">Conoce el fabuloso alojamiento Viento de Ladera<\/a><\/li><li class='ez-toc-page-1 ez-toc-heading-level-2'><a class=\"ez-toc-link ez-toc-heading-2\" href=\"https:\/\/www.sensacionrural.es\/blog\/viento-de-ladera-alojamiento-rural-fuentemilanos\/#Que_ver_en_los_alrededores_de_Viento_de_Ladera\" title=\"Qu\u00e9 ver en los alrededores de Viento de Ladera\">Qu\u00e9 ver en los alrededores de Viento de Ladera<\/a><\/li><\/ul><\/nav><\/div>\n<h2><span class=\"ez-toc-section\" id=\"Conoce_el_fabuloso_alojamiento_Viento_de_Ladera\"><\/span>Conoce el fabuloso alojamiento Viento de Ladera<span class=\"ez-toc-section-end\"><\/span><\/h2>\n<p>Viento de Ladera se encuentra a tan solo 15 minutos en coche de Segovia. Asimismo, este lugar es perfecto para poder conocer los alrededores de la ciudad hist\u00f3rica en la regi\u00f3n de Castilla y Le\u00f3n. Si tienes pensado hacer una escapada rural, en esta casa podr\u00e1s desconectar y gozar de un entorno excepcional.<\/p>\n<p style=\"text-align: center;\"><a href=\"https:\/\/www.sensacionrural.es\/blog\/wp-content\/uploads\/2020\/12\/dormitorio-viento-de-ladera.jpg\" data-rel=\"penci-gallery-image-content\" ><img decoding=\"async\" class=\"aligncenter size-full wp-image-14302\" src=\"https:\/\/www.sensacionrural.es\/blog\/wp-content\/uploads\/2020\/12\/dormitorio-viento-de-ladera.jpg\" alt=\"viento de ladera\" width=\"640\" height=\"480\" srcset=\"https:\/\/www.sensacionrural.es\/blog\/wp-content\/uploads\/2020\/12\/dormitorio-viento-de-ladera.jpg 640w, https:\/\/www.sensacionrural.es\/blog\/wp-content\/uploads\/2020\/12\/dormitorio-viento-de-ladera-300x225.jpg 300w, https:\/\/www.sensacionrural.es\/blog\/wp-content\/uploads\/2020\/12\/dormitorio-viento-de-ladera-600x450.jpg 600w\" sizes=\"(max-width: 640px) 100vw, 640px\" \/><\/a><\/p>\n<p>Este alojamiento cuenta con frondoso jard\u00edn y con capacidad para 10 personas. Viento de Ladera dispone de tres grandes dormitorios dobles, un amplio sal\u00f3n comedor, zona infantil, comedor interior y cocina integrada con ventanal a la zona exterior. \u00a0En su amplio jard\u00edn podr\u00e1s relajarte con el sonido del agua y de los p\u00e1jaros. Gracias a su piscina podr\u00e1s refrescarte en los d\u00edas de verano. \u00a0\u00bfTe lo vas a perder?<\/p>\n<p style=\"text-align: center;\"><a href=\"https:\/\/www.sensacionrural.es\/blog\/wp-content\/uploads\/2020\/12\/jardin-viento-de-ladera-fuentemilanos.jpg\" data-rel=\"penci-gallery-image-content\" ><img decoding=\"async\" class=\"aligncenter size-full wp-image-14303\" src=\"https:\/\/www.sensacionrural.es\/blog\/wp-content\/uploads\/2020\/12\/jardin-viento-de-ladera-fuentemilanos.jpg\" alt=\"jardin viento de ladera\" width=\"640\" height=\"401\" srcset=\"https:\/\/www.sensacionrural.es\/blog\/wp-content\/uploads\/2020\/12\/jardin-viento-de-ladera-fuentemilanos.jpg 640w, https:\/\/www.sensacionrural.es\/blog\/wp-content\/uploads\/2020\/12\/jardin-viento-de-ladera-fuentemilanos-300x188.jpg 300w, https:\/\/www.sensacionrural.es\/blog\/wp-content\/uploads\/2020\/12\/jardin-viento-de-ladera-fuentemilanos-600x376.jpg 600w\" sizes=\"(max-width: 640px) 100vw, 640px\" \/><\/a><\/p>\n<p>Esta casa rural es ideal para cualquier estaci\u00f3n del a\u00f1o, tanto si vas en familia o con amigos, ya que podr\u00e1s hacer celebraciones, asistir a bodas en los caser\u00edos aleda\u00f1os, adem\u00e1s disfrutar de la naturaleza al m\u00e1ximo. Si te gusta volar, a tan solo 1km encontrar\u00e1s un aer\u00f3dromo de vuelo sin motor, \u00a1la aventura est\u00e1 asegurada!<\/p>\n<h2><span class=\"ez-toc-section\" id=\"Que_ver_en_los_alrededores_de_Viento_de_Ladera\"><\/span>Qu\u00e9 ver en los alrededores de Viento de Ladera<span class=\"ez-toc-section-end\"><\/span><\/h2>\n<p>Si decides aprovechar tu estancia en este pueblo, puedes organizar una ruta de viaje para poder conocer algunos lugares pr\u00f3ximos con mucho encanto. El <strong>Palacio Real de Riofr\u00edo<\/strong> es uno de ellos. Se encuentra a poco m\u00e1s de 15 minutos en coche desde el alojamiento. Este palacio est\u00e1 rodeador por m\u00e1s de 600 hect\u00e1reas de bosque con mucha biodiversidad. Este incre\u00edble edificio destaca por su armon\u00eda y por su estilo cl\u00e1sico de los palacios romanos. A pesar de su encanto y la belleza del entorno, este palacio, declarado Patrimonio Nacional, estuvo sin hu\u00e9spedes durante m\u00e1s de 100 a\u00f1os, lo que lo convierte en uno de los Reales Sitios menos conocidos por el p\u00fablico.<\/p>\n<p style=\"text-align: center;\"><a href=\"https:\/\/www.sensacionrural.es\/blog\/wp-content\/uploads\/2020\/12\/palacio-real-riofrio-segovia.jpg\" data-rel=\"penci-gallery-image-content\" ><img loading=\"lazy\" decoding=\"async\" class=\"aligncenter size-full wp-image-14304\" src=\"https:\/\/www.sensacionrural.es\/blog\/wp-content\/uploads\/2020\/12\/palacio-real-riofrio-segovia.jpg\" alt=\"palacio real riofrio\" width=\"640\" height=\"425\" srcset=\"https:\/\/www.sensacionrural.es\/blog\/wp-content\/uploads\/2020\/12\/palacio-real-riofrio-segovia.jpg 640w, https:\/\/www.sensacionrural.es\/blog\/wp-content\/uploads\/2020\/12\/palacio-real-riofrio-segovia-300x199.jpg 300w, https:\/\/www.sensacionrural.es\/blog\/wp-content\/uploads\/2020\/12\/palacio-real-riofrio-segovia-600x398.jpg 600w\" sizes=\"(max-width: 640px) 100vw, 640px\" \/><\/a><\/p>\n<p style=\"text-align: center;\">Zarateman<\/p>\n<p>Si te has quedado con las ganas de m\u00e1s, puedes seguir conociendo la historia en lo que fue una de las residencias de la familia Real Espa\u00f1ola. El <strong>Palacio Real de la Granja de San Ildefonso<\/strong> se encuentra en el municipio que le otorga el mismo nombre. Este es uno de los atractivos tur\u00edsticos que m\u00e1s inter\u00e9s despierta.\u00a0 El nombre proviene de una antigua granja de los monjes jer\u00f3nimos. No obstante, el rey Felipe V orden\u00f3 construir en 1719 una capilla en sus alrededores. A d\u00eda de hoy,\u00a0 se puede disfrutar de un agradable paseo por los jardines que rodean el palacio.<\/p>\n<p style=\"text-align: center;\"><a href=\"https:\/\/www.sensacionrural.es\/blog\/wp-content\/uploads\/2020\/12\/palacio-de-la-granja-san-ildefonso.jpg\" data-rel=\"penci-gallery-image-content\" ><img loading=\"lazy\" decoding=\"async\" class=\"aligncenter size-full wp-image-14305\" src=\"https:\/\/www.sensacionrural.es\/blog\/wp-content\/uploads\/2020\/12\/palacio-de-la-granja-san-ildefonso.jpg\" alt=\"palacio de la granja de san ilfonso\" width=\"640\" height=\"484\" srcset=\"https:\/\/www.sensacionrural.es\/blog\/wp-content\/uploads\/2020\/12\/palacio-de-la-granja-san-ildefonso.jpg 640w, https:\/\/www.sensacionrural.es\/blog\/wp-content\/uploads\/2020\/12\/palacio-de-la-granja-san-ildefonso-300x227.jpg 300w, https:\/\/www.sensacionrural.es\/blog\/wp-content\/uploads\/2020\/12\/palacio-de-la-granja-san-ildefonso-600x454.jpg 600w\" sizes=\"(max-width: 640px) 100vw, 640px\" \/><\/a><\/p>\n<p style=\"text-align: center;\">Miguel303xm<\/p>\n<p>Otro de los lugares tur\u00edsticos que no te podr\u00e1s perder es el <strong>Parque Nacional del Guadarrama.<\/strong> Este parque destaca por su patrimonio hist\u00f3rico y art\u00edstico. Para aquellos amantes de la naturaleza, os recomendamos hacer algunas de las rutas de senderismo que ofrece la Sierra del Guadarrama como la ruta de senderismo a los<strong> chorros de Manzanares<\/strong>. Un paseo en el que podr\u00e1s descubrir una gran variedad de pinares, hasta llegar a <strong>La Pedriza<\/strong>, riscos de granito con un gran inter\u00e9s paisaj\u00edstico. Por otra parte, tambi\u00e9n podr\u00e1s contemplar espectaculares lagunas de origen glaciar.<\/p>\n<p style=\"text-align: center;\"><a href=\"https:\/\/www.sensacionrural.es\/blog\/wp-content\/uploads\/2020\/12\/parque-nacional-sierra-guadarrama.jpg\" data-rel=\"penci-gallery-image-content\" ><img loading=\"lazy\" decoding=\"async\" class=\"aligncenter size-full wp-image-14306\" src=\"https:\/\/www.sensacionrural.es\/blog\/wp-content\/uploads\/2020\/12\/parque-nacional-sierra-guadarrama.jpg\" alt=\"parque nacional sierra guadarrama\" width=\"640\" height=\"360\" srcset=\"https:\/\/www.sensacionrural.es\/blog\/wp-content\/uploads\/2020\/12\/parque-nacional-sierra-guadarrama.jpg 640w, https:\/\/www.sensacionrural.es\/blog\/wp-content\/uploads\/2020\/12\/parque-nacional-sierra-guadarrama-300x169.jpg 300w, https:\/\/www.sensacionrural.es\/blog\/wp-content\/uploads\/2020\/12\/parque-nacional-sierra-guadarrama-600x338.jpg 600w\" sizes=\"(max-width: 640px) 100vw, 640px\" \/><\/a><\/p>\n<p style=\"text-align: center;\">Howar L\u00f3pez<\/p>\n<p>Si vas a pasar varios d\u00edas, puedes organizarte la escapada rural para recorrer distintas zonas de la sierra. En el macizo de la <strong>Pe\u00f1alara<\/strong>, encontrar\u00e1s este asombroso pico con una altura de 2428 metros. Por tanto, es el punto m\u00e1s alto del Parque Nacional. En este lugar, podr\u00e1s visitar zonas de arroyos y cascadas. Algunas de las lagunas m\u00e1s destacadas son la <strong>Laguna Grande<\/strong>, la <strong>Chica<\/strong>, la de los <strong>P\u00e1jaros<\/strong> y el <strong>lago de los Claveles<\/strong>. Sin dudas, es uno de los lugares m\u00e1s especiales.<\/p>\n<p style=\"text-align: center;\"><a href=\"https:\/\/www.sensacionrural.es\/blog\/wp-content\/uploads\/2020\/12\/laguna-pajaros-sierra-guadarrama.jpg\" data-rel=\"penci-gallery-image-content\" ><img loading=\"lazy\" decoding=\"async\" class=\"aligncenter size-full wp-image-14307\" src=\"https:\/\/www.sensacionrural.es\/blog\/wp-content\/uploads\/2020\/12\/laguna-pajaros-sierra-guadarrama.jpg\" alt=\"laguna pajaros sierra guadarrama\" width=\"640\" height=\"480\" srcset=\"https:\/\/www.sensacionrural.es\/blog\/wp-content\/uploads\/2020\/12\/laguna-pajaros-sierra-guadarrama.jpg 640w, https:\/\/www.sensacionrural.es\/blog\/wp-content\/uploads\/2020\/12\/laguna-pajaros-sierra-guadarrama-300x225.jpg 300w, https:\/\/www.sensacionrural.es\/blog\/wp-content\/uploads\/2020\/12\/laguna-pajaros-sierra-guadarrama-600x450.jpg 600w\" sizes=\"(max-width: 640px) 100vw, 640px\" \/><\/a><\/p>\n<p style=\"text-align: center;\">Miguel 303xm<\/p>\n<p>Como has podido observar, Viento de Ladera en Fuentemilanos es el alojamiento perfecto para disfrutar de una escapada rural, as\u00ed como de todo su entorno con sus maravillosos paisajes naturales. \u00bfA qu\u00e9 esperas? \u00a1Reserva ya y disfruta de todos estos lugares!<\/p>\n","protected":false},"excerpt":{"rendered":"<p>\u00bfNecesitas desconectar durante unos d\u00edas? Si buscas pasar un fin de semana en un alojamiento&hellip;<\/p>\n","protected":false},"author":4,"featured_media":14301,"comment_status":"open","ping_status":"open","sticky":false,"template":"","format":"standard","meta":{"content-type":"","om_disable_all_campaigns":false,"footnotes":""},"categories":[41],"tags":[],"aioseo_notices":[],"_links":{"self":[{"href":"https:\/\/www.sensacionrural.es\/blog\/wp-json\/wp\/v2\/posts\/14300"}],"collection":[{"href":"https:\/\/www.sensacionrural.es\/blog\/wp-json\/wp\/v2\/posts"}],"about":[{"href":"https:\/\/www.sensacionrural.es\/blog\/wp-json\/wp\/v2\/types\/post"}],"author":[{"embeddable":true,"href":"https:\/\/www.sensacionrural.es\/blog\/wp-json\/wp\/v2\/users\/4"}],"replies":[{"embeddable":true,"href":"https:\/\/www.sensacionrural.es\/blog\/wp-json\/wp\/v2\/comments?post=14300"}],"version-history":[{"count":5,"href":"https:\/\/www.sensacionrural.es\/blog\/wp-json\/wp\/v2\/posts\/14300\/revisions"}],"predecessor-version":[{"id":23374,"href":"https:\/\/www.sensacionrural.es\/blog\/wp-json\/wp\/v2\/posts\/14300\/revisions\/23374"}],"wp:featuredmedia":[{"embeddable":true,"href":"https:\/\/www.sensacionrural.es\/blog\/wp-json\/wp\/v2\/media\/14301"}],"wp:attachment":[{"href":"https:\/\/www.sensacionrural.es\/blog\/wp-json\/wp\/v2\/media?parent=14300"}],"wp:term":[{"taxonomy":"category","embeddable":true,"href":"https:\/\/www.sensacionrural.es\/blog\/wp-json\/wp\/v2\/categories?post=14300"},{"taxonomy":"post_tag","embeddable":true,"href":"https:\/\/www.sensacionrural.es\/blog\/wp-json\/wp\/v2\/tags?post=14300"}],"curies":[{"name":"wp","href":"https:\/\/api.w.org\/{rel}","templated":true}]}}