{"id":10664,"date":"2025-05-21T06:00:16","date_gmt":"2025-05-21T06:00:16","guid":{"rendered":"https:\/\/www.sensacionrural.es\/blog\/?p=10664"},"modified":"2025-05-21T11:45:33","modified_gmt":"2025-05-21T11:45:33","slug":"rutas-senderismo-cantabria","status":"publish","type":"post","link":"https:\/\/www.sensacionrural.es\/blog\/rutas-senderismo-cantabria\/","title":{"rendered":"7 Rutas de Senderismo en Cantabria"},"content":{"rendered":"<p>\u00bfQu\u00e9 podemos decir de <strong>Cantabria<\/strong> que no hayamos dicho antes? Si te gusta la <strong>costa<\/strong>, la <strong>monta\u00f1a<\/strong>, los <strong>paisajes verdes<\/strong> y <a href=\"https:\/\/www.sensacionrural.es\/blog\/pueblos-encanto-cantabria\/\">los pueblos con encanto<\/a>, \u00e9ste es tu destino. En definitiva, para los <strong>amantes de la naturaleza<\/strong> y el <strong>turismo rural<\/strong>, \u00a1asegurado!<\/p>\n<p>Te lo vamos a demostrar, una vez m\u00e1s, en este art\u00edculo, donde vamos a descubrir algunos de los lugares m\u00e1s impactantes de este territorio haciendo algo de ejercicio. Por eso, aqu\u00ed te mostramos algunas de <strong>las mejores rutas de senderismo en Cantabria<\/strong> que puedes realizar, junto con mapas de los itinerarios y fichas t\u00e9cnicas de cada una de estas rutas para preparar tu pr\u00f3xima escapada.<\/p>\n<p style=\"text-align: center;\"><a href=\"https:\/\/www.sensacionrural.es\/blog\/wp-content\/uploads\/2021\/02\/rutas-de-senderismo-en-cantabria.jpg\" data-rel=\"penci-gallery-image-content\" ><img fetchpriority=\"high\" decoding=\"async\" class=\"aligncenter size-full wp-image-25833\" title=\"rutas de senderismo en cantabria\" src=\"https:\/\/www.sensacionrural.es\/blog\/wp-content\/uploads\/2021\/02\/rutas-de-senderismo-en-cantabria.jpg\" alt=\"rutas de senderismo en cantabria\" width=\"1200\" height=\"900\" srcset=\"https:\/\/www.sensacionrural.es\/blog\/wp-content\/uploads\/2021\/02\/rutas-de-senderismo-en-cantabria.jpg 1200w, https:\/\/www.sensacionrural.es\/blog\/wp-content\/uploads\/2021\/02\/rutas-de-senderismo-en-cantabria-300x225.jpg 300w, https:\/\/www.sensacionrural.es\/blog\/wp-content\/uploads\/2021\/02\/rutas-de-senderismo-en-cantabria-1024x768.jpg 1024w, https:\/\/www.sensacionrural.es\/blog\/wp-content\/uploads\/2021\/02\/rutas-de-senderismo-en-cantabria-768x576.jpg 768w, https:\/\/www.sensacionrural.es\/blog\/wp-content\/uploads\/2021\/02\/rutas-de-senderismo-en-cantabria-1170x878.jpg 1170w, https:\/\/www.sensacionrural.es\/blog\/wp-content\/uploads\/2021\/02\/rutas-de-senderismo-en-cantabria-585x439.jpg 585w\" sizes=\"(max-width: 1200px) 100vw, 1200px\" \/><\/a><\/p>\n<p style=\"text-align: center;\">Simon Burchell (cc)<\/p>\n<blockquote><p><em><span style=\"color: #80bd03;\"><i class=\"fa fa-home\">\u00a0 \u00a0<\/i><\/span><em>Si deseas pasar unos d\u00edas en tierras c\u00e1ntabras, lo mejor que puedes hacer es alojarte <strong>en una casa de turismo rural<\/strong>, donde disfrutar de un entorno natural envidiable. Aqu\u00ed, puedes ver <a href=\"https:\/\/www.sensacionrural.es\/casas-rurales-en-cantabria\">m\u00e1s de 600 alojamientos rurales en Cantabria<\/a>, \u00a1\u00e9chales un vistazo!<\/em><\/em><\/p><\/blockquote>\n<div id=\"ez-toc-container\" class=\"ez-toc-v2_0_69_1 ez-toc-wrap-center counter-hierarchy ez-toc-counter ez-toc-grey ez-toc-container-direction\">\n<div class=\"ez-toc-title-container\">\n<p class=\"ez-toc-title \" >&Iacute;ndice de contenidos<\/p>\n<span class=\"ez-toc-title-toggle\"><a href=\"#\" class=\"ez-toc-pull-right ez-toc-btn ez-toc-btn-xs ez-toc-btn-default ez-toc-toggle\" aria-label=\"Toggle Table of Content\"><span class=\"ez-toc-js-icon-con\"><span class=\"\"><span class=\"eztoc-hide\" style=\"display:none;\">Toggle<\/span><span class=\"ez-toc-icon-toggle-span\"><svg style=\"fill: #999;color:#999\" xmlns=\"http:\/\/www.w3.org\/2000\/svg\" class=\"list-377408\" width=\"20px\" height=\"20px\" viewBox=\"0 0 24 24\" fill=\"none\"><path d=\"M6 6H4v2h2V6zm14 0H8v2h12V6zM4 11h2v2H4v-2zm16 0H8v2h12v-2zM4 16h2v2H4v-2zm16 0H8v2h12v-2z\" fill=\"currentColor\"><\/path><\/svg><svg style=\"fill: #999;color:#999\" class=\"arrow-unsorted-368013\" xmlns=\"http:\/\/www.w3.org\/2000\/svg\" width=\"10px\" height=\"10px\" viewBox=\"0 0 24 24\" version=\"1.2\" baseProfile=\"tiny\"><path d=\"M18.2 9.3l-6.2-6.3-6.2 6.3c-.2.2-.3.4-.3.7s.1.5.3.7c.2.2.4.3.7.3h11c.3 0 .5-.1.7-.3.2-.2.3-.5.3-.7s-.1-.5-.3-.7zM5.8 14.7l6.2 6.3 6.2-6.3c.2-.2.3-.5.3-.7s-.1-.5-.3-.7c-.2-.2-.4-.3-.7-.3h-11c-.3 0-.5.1-.7.3-.2.2-.3.5-.3.7s.1.5.3.7z\"\/><\/svg><\/span><\/span><\/span><\/a><\/span><\/div>\n<nav><ul class='ez-toc-list ez-toc-list-level-1 ' ><li class='ez-toc-page-1 ez-toc-heading-level-2'><a class=\"ez-toc-link ez-toc-heading-1\" href=\"https:\/\/www.sensacionrural.es\/blog\/rutas-senderismo-cantabria\/#Rutas_e_itinerarios_de_senderismo_en_Cantabria\" title=\"Rutas e itinerarios de senderismo en Cantabria\">Rutas e itinerarios de senderismo en Cantabria<\/a><ul class='ez-toc-list-level-3' ><li class='ez-toc-heading-level-3'><a class=\"ez-toc-link ez-toc-heading-2\" href=\"https:\/\/www.sensacionrural.es\/blog\/rutas-senderismo-cantabria\/#1_Ruta_de_Fuente_De_en_Picos_de_Europa\" title=\"1. Ruta de Fuente D\u00e9, en Picos de Europa\">1. Ruta de Fuente D\u00e9, en Picos de Europa<\/a><\/li><li class='ez-toc-page-1 ez-toc-heading-level-3'><a class=\"ez-toc-link ez-toc-heading-3\" href=\"https:\/\/www.sensacionrural.es\/blog\/rutas-senderismo-cantabria\/#2_Ruta_de_los_faros_del_Caballo_y_del_Pescador\" title=\"2. Ruta de los faros del Caballo y del Pescador\">2. Ruta de los faros del Caballo y del Pescador<\/a><\/li><li class='ez-toc-page-1 ez-toc-heading-level-3'><a class=\"ez-toc-link ez-toc-heading-4\" href=\"https:\/\/www.sensacionrural.es\/blog\/rutas-senderismo-cantabria\/#3_Ruta_de_la_Calzada_de_Mediaconcha\" title=\"3. Ruta de la Calzada de Mediaconcha\">3. Ruta de la Calzada de Mediaconcha<\/a><\/li><li class='ez-toc-page-1 ez-toc-heading-level-3'><a class=\"ez-toc-link ez-toc-heading-5\" href=\"https:\/\/www.sensacionrural.es\/blog\/rutas-senderismo-cantabria\/#4_Ruta_del_Tunel_de_La_Engana\" title=\"4. Ruta del T\u00fanel de La Enga\u00f1a\">4. Ruta del T\u00fanel de La Enga\u00f1a<\/a><\/li><li class='ez-toc-page-1 ez-toc-heading-level-3'><a class=\"ez-toc-link ez-toc-heading-6\" href=\"https:\/\/www.sensacionrural.es\/blog\/rutas-senderismo-cantabria\/#5_Senda_de_los_Puentes_de_Ucieda_en_Saja-Besaya\" title=\"5. Senda de los Puentes de Ucieda, en Saja-Besaya\">5. Senda de los Puentes de Ucieda, en Saja-Besaya<\/a><\/li><li class='ez-toc-page-1 ez-toc-heading-level-3'><a class=\"ez-toc-link ez-toc-heading-7\" href=\"https:\/\/www.sensacionrural.es\/blog\/rutas-senderismo-cantabria\/#6_Ruta_por_el_Desfiladero_de_La_Hermida_y_el_Mirador_de_Santa_Catalina\" title=\"6. Ruta por el Desfiladero de La Hermida y el Mirador de Santa Catalina\">6. Ruta por el Desfiladero de La Hermida y el Mirador de Santa Catalina<\/a><\/li><li class='ez-toc-page-1 ez-toc-heading-level-3'><a class=\"ez-toc-link ez-toc-heading-8\" href=\"https:\/\/www.sensacionrural.es\/blog\/rutas-senderismo-cantabria\/#7_Ruta_de_los_Valles_Pasiegos_y_el_Alto_Caracol\" title=\"7. Ruta de los Valles Pasiegos y el Alto Caracol\">7. Ruta de los Valles Pasiegos y el Alto Caracol<\/a><\/li><\/ul><\/li><\/ul><\/nav><\/div>\n<h2><span class=\"ez-toc-section\" id=\"Rutas_e_itinerarios_de_senderismo_en_Cantabria\"><\/span>Rutas e itinerarios de senderismo en Cantabria<span class=\"ez-toc-section-end\"><\/span><\/h2>\n<p>Sin m\u00e1s pre\u00e1mbulos, os mostramos algunas de las rutas de senderismo que puedes hacer para disfrutar de Cantabria. En total, hemos elegido <strong>7 rutas<\/strong> indicadas para diferentes niveles de experiencia y \u00fanicas para poder conocer mejor esta impresionante tierra. Todo ello, acompa\u00f1ado de una ficha t\u00e9cnica de la ruta, una descripci\u00f3n del itinerario y mapa. \u00bfA qu\u00e9 esperas para conocerlas?<\/p>\n<h3><span class=\"ez-toc-section\" id=\"1_Ruta_de_Fuente_De_en_Picos_de_Europa\"><\/span>1. Ruta de Fuente D\u00e9, en Picos de Europa<span class=\"ez-toc-section-end\"><\/span><\/h3>\n<p style=\"text-align: center;\"><a href=\"https:\/\/www.sensacionrural.es\/blog\/wp-content\/uploads\/2018\/12\/ruta-fuente-de.jpg\" data-rel=\"penci-gallery-image-content\" ><img decoding=\"async\" class=\"aligncenter size-full wp-image-10666\" src=\"https:\/\/www.sensacionrural.es\/blog\/wp-content\/uploads\/2018\/12\/ruta-fuente-de.jpg\" alt=\"ruta fuente de\" width=\"640\" height=\"480\" srcset=\"https:\/\/www.sensacionrural.es\/blog\/wp-content\/uploads\/2018\/12\/ruta-fuente-de.jpg 640w, https:\/\/www.sensacionrural.es\/blog\/wp-content\/uploads\/2018\/12\/ruta-fuente-de-300x225.jpg 300w, https:\/\/www.sensacionrural.es\/blog\/wp-content\/uploads\/2018\/12\/ruta-fuente-de-600x450.jpg 600w\" sizes=\"(max-width: 640px) 100vw, 640px\" \/><\/a><\/p>\n<p style=\"text-align: center;\">Andy Roberts (cc)<\/p>\n<p>No cabe duda de que una de las zonas m\u00e1s emblem\u00e1ticas, dentro de Cantabria, corresponde a las monta\u00f1as de los <strong>Picos de Europa<\/strong>. En este caso, se trata de la zona noreste del Parque Nacional, una zona privilegiada para la pr\u00e1ctica de diferentes rutas de senderismo. El punto neur\u00e1lgico para estas rutas es, inevitablemente, <strong>Fuente D\u00e9<\/strong>. Una localidad enclavada en el Valle de Li\u00e9bana y que se caracteriza por los diferentes circos glaciares y hayedos de su entorno.<\/p>\n<p><a href=\"https:\/\/www.sensacionrural.es\/casas-rurales-en-cantabria\/vivienda-rural-alquitara_56515\" target=\"_blank\" rel=\"noopener\"><img decoding=\"async\" class=\"aligncenter wp-image-15540 size-full\" style=\"box-shadow: inherit !important;\" src=\"https:\/\/www.sensacionrural.es\/blog\/wp-content\/uploads\/2021\/02\/apartamentos-alquitara.jpg\" alt=\"\" width=\"778\" height=\"257\" srcset=\"https:\/\/www.sensacionrural.es\/blog\/wp-content\/uploads\/2021\/02\/apartamentos-alquitara.jpg 778w, https:\/\/www.sensacionrural.es\/blog\/wp-content\/uploads\/2021\/02\/apartamentos-alquitara-300x99.jpg 300w, https:\/\/www.sensacionrural.es\/blog\/wp-content\/uploads\/2021\/02\/apartamentos-alquitara-768x254.jpg 768w, https:\/\/www.sensacionrural.es\/blog\/wp-content\/uploads\/2021\/02\/apartamentos-alquitara-600x198.jpg 600w\" sizes=\"(max-width: 778px) 100vw, 778px\" \/><\/a><\/p>\n<p>Se trata de un lugar al que normalmente se accede en telef\u00e9rico para ascender y obtener una panor\u00e1mica imprescindible de todo el entorno de los Picos de Europa, pudiendo ver lugares como la Pe\u00f1a Olvidada, la Horcadina de Covarrobles o las Agujas de Tajahierro, \u00a1os encantar\u00e1! Si hay una ruta de senderismo impactante en Cantabria, es la que pod\u00e9is realizar desde Fuente D\u00e9.<\/p>\n<h4>Descripci\u00f3n de la Ruta<\/h4>\n<p>Una vez habiendo ascendido con el telef\u00e9rico, en plena Horcadina de Covarrobles, es donde comienza una ruta de cerca de 14 km, con el objetivo de volver a Fuente D\u00e9, realizando un itinerario circular, bordeando la Collada de la Junciana y el Pico de Valdecoro. Debido a su se\u00f1alizaci\u00f3n y que es una ruta sencilla, donde simplemente hay que seguir el camino descendente, es una ruta ideal para todos los niveles. Ahora bien, cuesta realizarla unas 5 horas, por lo que es posible que si vas con ni\u00f1os, se le haga un poco larga. \u00a1Tenedlo en cuenta!<\/p>\n<p>A lo largo de esta ruta senderista, donde destaca evidentemente los espectaculares paisajes que nos brinda Los Picos de Europa, siguiendo la senda descendente, donde atravesaremos el R\u00edo Nevandi o el maravilloso Bosque de Serna, hasta volver a la localidad de Fuente D\u00e9.<\/p>\n<h4>Mapa de la Ruta<\/h4>\n<p style=\"text-align: center;\"><iframe src=\"https:\/\/www.google.com\/maps\/d\/embed?mid=1VK_xFKGZYUE-Of92Bnc0C1qsl3UdDIQ&amp;ehbc=2E312F\" width=\"640\" height=\"480\"><\/iframe><\/p>\n<h4>Ficha T\u00e9cnica de la Ruta<\/h4>\n<table width=\"319\">\n<tbody>\n<tr>\n<td width=\"131\">Nombre<\/td>\n<td width=\"188\">Ruta de Fuente D\u00e9 y Puertos de \u00c1liva<\/td>\n<\/tr>\n<tr>\n<td>Localidad<\/td>\n<td>Fuente D\u00e9<\/td>\n<\/tr>\n<tr>\n<td>Distancia<\/td>\n<td>13,8 km<\/td>\n<\/tr>\n<tr>\n<td>Tipo<\/td>\n<td>Ida<\/td>\n<\/tr>\n<tr>\n<td>Dificultad<\/td>\n<td>F\u00e1cil<\/td>\n<\/tr>\n<tr>\n<td>Desnivel Positivo<\/td>\n<td>225 m<\/td>\n<\/tr>\n<tr>\n<td>Desnivel Negativo<\/td>\n<td>980 m<\/td>\n<\/tr>\n<\/tbody>\n<\/table>\n<h3><span class=\"ez-toc-section\" id=\"2_Ruta_de_los_faros_del_Caballo_y_del_Pescador\"><\/span>2. Ruta de los faros del Caballo y del Pescador<span class=\"ez-toc-section-end\"><\/span><\/h3>\n<p style=\"text-align: center;\"><a href=\"https:\/\/www.sensacionrural.es\/blog\/wp-content\/uploads\/2018\/12\/ruta-faro-caballo.jpg\" data-rel=\"penci-gallery-image-content\" ><img loading=\"lazy\" decoding=\"async\" class=\"aligncenter size-full wp-image-10667\" src=\"https:\/\/www.sensacionrural.es\/blog\/wp-content\/uploads\/2018\/12\/ruta-faro-caballo.jpg\" alt=\"ruta faro caballo\" width=\"640\" height=\"427\" srcset=\"https:\/\/www.sensacionrural.es\/blog\/wp-content\/uploads\/2018\/12\/ruta-faro-caballo.jpg 640w, https:\/\/www.sensacionrural.es\/blog\/wp-content\/uploads\/2018\/12\/ruta-faro-caballo-300x200.jpg 300w, https:\/\/www.sensacionrural.es\/blog\/wp-content\/uploads\/2018\/12\/ruta-faro-caballo-600x400.jpg 600w\" sizes=\"(max-width: 640px) 100vw, 640px\" \/><\/a><\/p>\n<p style=\"text-align: center;\">Alberto G.H. (cc)<\/p>\n<p>La <strong>costa c\u00e1ntabra<\/strong> tambi\u00e9n invita a realizar diversas rutas senderistas, donde se mezcla el mar con acantilados, una verde vegetaci\u00f3n e incluso las marismas. Por todo eso y m\u00e1s, Cantabria es una tierra que desprende su belleza por los cuatro costados.<\/p>\n<p>Te recomendamos descubrir uno de los rincones m\u00e1s bellos de Cantabria realizando una ruta. Es m\u00e1s, no lo podr\u00e1s descubrir de otra manera. Hablamos del <strong>Faro del Caballo<\/strong>, enclavado en las Marismas de Santo\u00f1a, Victoria y Joyel. M\u00e1s concretamente, en el municipio de Santo\u00f1a, en una ruta donde destaca el impresionante pasaje de cerca de 700 escalones de piedra, en uno de los caminos costeros con m\u00e1s encanto que puedes realizar.<\/p>\n<h4>Descripci\u00f3n de la Ruta<\/h4>\n<p>No te vamos a enga\u00f1ar, la ruta m\u00e1s espectacular para visitar el Faro del Caballo es tambi\u00e9n la m\u00e1s larga. Se trata de una ruta circular que parte de la misma localidad. En concreto, desde el Fuerte de San Mart\u00edn. Desde ah\u00ed, comienza una senda, con el caracter\u00edstico camino de escalones que descienden hasta el Faro del Caballo. En un itinerario circular de casi 11 kil\u00f3metros, descubrir\u00e1s los acantilados que bordean el Monte Buciero, hasta el Faro del Pescador, para posteriormente volver a Santo\u00f1a desde Dueso.<\/p>\n<p>Si bien es cierto que no hay muchos desniveles, salvo los escalones, cuesta bastante tiempo realizar esta ruta, en aproximadamente 4-5 horas. Tambi\u00e9n depender\u00e1 de las fotos que hagas por el camino, que seguro que son muchas ;). \u00bfY no se puede acceder directamente en coche? Hay algunos que se lo preguntan, y la verdad es que no, si bien es cierto que si quieres ir al Faro del Pescador puedes aparcar en Dueso y hacer una ruta de unos 2 km, aunque ya te lo advertimos, \u00a1no es lo mismo!<\/p>\n<h4>Mapa de la Ruta<\/h4>\n<p style=\"text-align: center;\"><iframe src=\"https:\/\/www.google.com\/maps\/d\/embed?mid=1B3sH-3ywKy_Lm5cyS5MD8R_vqZnPcoU&amp;ehbc=2E312F\" width=\"640\" height=\"480\"><\/iframe><\/p>\n<h4>Ficha T\u00e9cnica de la Ruta<\/h4>\n<table width=\"211\">\n<tbody>\n<tr>\n<td width=\"131\">Nombre<\/td>\n<td width=\"80\">Ruta de los Faros de Santo\u00f1a<\/td>\n<\/tr>\n<tr>\n<td>Localidad<\/td>\n<td>Santo\u00f1a<\/td>\n<\/tr>\n<tr>\n<td>Distancia<\/td>\n<td>10,3 km<\/td>\n<\/tr>\n<tr>\n<td>Tipo<\/td>\n<td>Circular<\/td>\n<\/tr>\n<tr>\n<td>Dificultad<\/td>\n<td>F\u00e1cil<\/td>\n<\/tr>\n<tr>\n<td>Desnivel Positivo<\/td>\n<td>495 m<\/td>\n<\/tr>\n<tr>\n<td>Desnivel Negativo<\/td>\n<td>495 m<\/td>\n<\/tr>\n<\/tbody>\n<\/table>\n<h3><span class=\"ez-toc-section\" id=\"3_Ruta_de_la_Calzada_de_Mediaconcha\"><\/span>3. Ruta de la Calzada de Mediaconcha<span class=\"ez-toc-section-end\"><\/span><\/h3>\n<p style=\"text-align: center;\"><a href=\"https:\/\/www.sensacionrural.es\/blog\/wp-content\/uploads\/2018\/12\/ruta-cantabria-calzada-romana-barcena-pie-concha.jpg\" data-rel=\"penci-gallery-image-content\" ><img loading=\"lazy\" decoding=\"async\" class=\"aligncenter size-full wp-image-14364\" src=\"https:\/\/www.sensacionrural.es\/blog\/wp-content\/uploads\/2018\/12\/ruta-cantabria-calzada-romana-barcena-pie-concha.jpg\" alt=\"ruta cantabria calzada romana barcena pie concha\" width=\"640\" height=\"482\" srcset=\"https:\/\/www.sensacionrural.es\/blog\/wp-content\/uploads\/2018\/12\/ruta-cantabria-calzada-romana-barcena-pie-concha.jpg 640w, https:\/\/www.sensacionrural.es\/blog\/wp-content\/uploads\/2018\/12\/ruta-cantabria-calzada-romana-barcena-pie-concha-300x226.jpg 300w, https:\/\/www.sensacionrural.es\/blog\/wp-content\/uploads\/2018\/12\/ruta-cantabria-calzada-romana-barcena-pie-concha-600x452.jpg 600w\" sizes=\"(max-width: 640px) 100vw, 640px\" \/><\/a><\/p>\n<p style=\"text-align: center;\">Jes\u00fas G\u00f3mez Fern\u00e1ndez (cc)<\/p>\n<p>La zona central de Cantabria contiene innumerables rutas de senderismo. En este caso, os queremos introducir una que tiene cierta pol\u00e9mica: la Calzada Romana de Mediaconcha. As\u00ed, existe un tramo considerado primitivo y que sigue la misma trayectoria de la A-67. O, al menos, as\u00ed es como se menciona.<\/p>\n<p>Seg\u00fan algunos expertos, se duda de que el tramo actual sea igual que el que usaban los romanos. Al menos, para el transporte de mercanc\u00edas, por lo que podr\u00eda ser una reconstrucci\u00f3n muy posterior. Independientemente de que sea o no la calzada romana original, lo que s\u00ed es cierto es que este camino, en pleno Valle de Igu\u00f1a, es perfecto para una escapada. Aqu\u00ed, encontrar\u00e1s la m\u00e1xima tranquilidad, disfrutando del cauce del r\u00edo Besaya y de una flora excepcional, con bosques de robles, hayas o casta\u00f1os.<\/p>\n<h4>Descripci\u00f3n de la Ruta<\/h4>\n<p>El itinerario que te aconsejamos parte desde la localidad de Pie de Concha, donde peque\u00f1os r\u00edos como el Torina o el Bisue\u00f1a desembocan en el r\u00edo Besaya. Precisamente, siguiendo el cauce del r\u00edo <span lang=\"es-ES\">Bisue\u00f1a<\/span>, se llega la inicio de la Calzada Romana, en direcci\u00f3n a Mediaconcha, en un camino ascendente, pasando por Pequera y Ventorrilo. Una vez llegado al punto de informaci\u00f3n, se puede volver a trav\u00e9s del Camino Real de Las Hoces, perteneciente al Camino Real de Reinosa a Santander. El camino sigue el curso del Besaya, rodeando el Pico de San Pedro, hasta regresar a Pie de Concha.<\/p>\n<p>Como puedes ver, se trata de una ruta senderista bastante completa, de car\u00e1cter circular, y que consta de 15 Km. De recorrido, con m\u00e1s de 600 metros de desnivel total. Por lo tanto, es un itinerario recomendado para personas con cierta experiencia en este tipo de actividades, pudi\u00e9ndose realizar en algo m\u00e1s de 5 horas.<\/p>\n<h4>Mapa de la Ruta<\/h4>\n<p style=\"text-align: center;\"><iframe src=\"https:\/\/www.google.com\/maps\/d\/embed?mid=1Vp2Ntga-IocLTsbN7JTmU-NJHrxfr8o&amp;ehbc=2E312F\" width=\"640\" height=\"480\"><\/iframe><\/p>\n<h4>Ficha T\u00e9cnica de la Ruta<\/h4>\n<table width=\"211\">\n<tbody>\n<tr>\n<td width=\"131\">Nombre<\/td>\n<td width=\"80\">Ruta de la Calzada de Mediaconcha<\/td>\n<\/tr>\n<tr>\n<td>Localidad<\/td>\n<td>Pie de Concha<\/td>\n<\/tr>\n<tr>\n<td>Distancia<\/td>\n<td>12,3 km<\/td>\n<\/tr>\n<tr>\n<td>Tipo<\/td>\n<td>Circular<\/td>\n<\/tr>\n<tr>\n<td>Dificultad<\/td>\n<td>Moderada<\/td>\n<\/tr>\n<tr>\n<td>Desnivel Positivo<\/td>\n<td>440 m<\/td>\n<\/tr>\n<tr>\n<td>Desnivel Negativo<\/td>\n<td>440 m<\/td>\n<\/tr>\n<\/tbody>\n<\/table>\n<h3><span class=\"ez-toc-section\" id=\"4_Ruta_del_Tunel_de_La_Engana\"><\/span>4. Ruta del T\u00fanel de La Enga\u00f1a<span class=\"ez-toc-section-end\"><\/span><\/h3>\n<p style=\"text-align: center;\"><a href=\"https:\/\/www.sensacionrural.es\/blog\/wp-content\/uploads\/2018\/12\/ruta-tunel-la-engana.jpg\" data-rel=\"penci-gallery-image-content\" ><img loading=\"lazy\" decoding=\"async\" class=\"aligncenter size-full wp-image-10668\" src=\"https:\/\/www.sensacionrural.es\/blog\/wp-content\/uploads\/2018\/12\/ruta-tunel-la-engana.jpg\" alt=\"ruta tunel la enga\u00f1a\" width=\"640\" height=\"427\" srcset=\"https:\/\/www.sensacionrural.es\/blog\/wp-content\/uploads\/2018\/12\/ruta-tunel-la-engana.jpg 640w, https:\/\/www.sensacionrural.es\/blog\/wp-content\/uploads\/2018\/12\/ruta-tunel-la-engana-300x200.jpg 300w, https:\/\/www.sensacionrural.es\/blog\/wp-content\/uploads\/2018\/12\/ruta-tunel-la-engana-600x400.jpg 600w\" sizes=\"(max-width: 640px) 100vw, 640px\" \/><\/a><\/p>\n<p style=\"text-align: center;\">Daniel M\u00fa\u00f1oz (cc)<\/p>\n<p>Esta ruta lleva el nombre de uno de los t\u00faneles m\u00e1s conocidos de la \u00e9poca franquista: <strong>el t\u00fanel de La Enga\u00f1a<\/strong>. Un t\u00fanel que no se lleg\u00f3 a utilizar en su prop\u00f3sito, el cual era unir los puertos de Santander y Valencia, en plena frontera con Cantabria y Burgos, siendo la boca norte en Vega de Pas y la boca sur del t\u00fanel en Pedrosa de Valdeporres. En tiempos, fue el t\u00fanel m\u00e1s largo de nuestro pa\u00eds, con casi 7 Km. de longitud y una de las infraestructuras m\u00e1s importantes que, al final, no se utilizaron.<\/p>\n<p>Durante los \u00faltimos a\u00f1os, las filtraciones de agua y su ausencia de mantenimiento, han hecho que en su interior haya habido algunos derrumbes. S\u00ed, son derrumbes que se pueden salvar y alguno intr\u00e9pidos, en los \u00faltimos a\u00f1os, han atravesado el t\u00fanel, pero nosotros nos os vamos a recomendar que lo hag\u00e1is, ni mucho menos. \u00a1La seguridad es lo primero!<\/p>\n<h4>Descripci\u00f3n de la Ruta<\/h4>\n<p>A pesar de no atravesar el t\u00fanel, es m\u00e1s que recomendable realizar una ruta de gran extensi\u00f3n desde Vega de Pas, siguiendo la estela del R\u00edo Yedra. Una interesant\u00edsima senda para recorrer tambi\u00e9n el Arroyo de Aj\u00e1n, donde hay numerosas cascadas y saltos de agua, hasta llegar a la boca norte del T\u00fanel de La Enga\u00f1a. Posteriormente, podemos seguir por otra senda que cruza el valle por peque\u00f1os t\u00faneles.<\/p>\n<p>No solo te impactar\u00e1 el impresionante paisaje, sino que descubrir\u00e1s numerosos edificios que se levantaron para realizar esta obra, desde estaciones de ferrocarril a viviendas para los obreros, para luego volver por el R\u00edo Yedra hasta Vega de Pas. En total, estamos hablando de una ruta de 16,7 km y f\u00e1cil de realizar, aunque te costar\u00e1 cerca de 7 horas realizarla. Eso s\u00ed, \u00a1merece la pena!<\/p>\n<h4>Mapa de la Ruta<\/h4>\n<p style=\"text-align: center;\"><iframe src=\"https:\/\/www.google.com\/maps\/d\/embed?mid=11a996sk_bfVhAgToy0USEJFuDkZDQes&amp;ehbc=2E312F\" width=\"640\" height=\"480\"><\/iframe><\/p>\n<h4>Ficha T\u00e9cnica de la Ruta<\/h4>\n<table width=\"211\">\n<tbody>\n<tr>\n<td width=\"131\">Nombre<\/td>\n<td width=\"80\">Ruta de Vega de Pas al T\u00fanel de la Enga\u00f1a<\/td>\n<\/tr>\n<tr>\n<td>Localidad<\/td>\n<td>Vega de Pas<\/td>\n<\/tr>\n<tr>\n<td>Distancia<\/td>\n<td>16,7 km<\/td>\n<\/tr>\n<tr>\n<td>Tipo<\/td>\n<td>Circular<\/td>\n<\/tr>\n<tr>\n<td>Dificultad<\/td>\n<td>Moderada<\/td>\n<\/tr>\n<tr>\n<td>Desnivel Positivo<\/td>\n<td>254 m<\/td>\n<\/tr>\n<tr>\n<td>Desnivel Negativo<\/td>\n<td>254 m<\/td>\n<\/tr>\n<\/tbody>\n<\/table>\n<h3><span class=\"ez-toc-section\" id=\"5_Senda_de_los_Puentes_de_Ucieda_en_Saja-Besaya\"><\/span>5. Senda de los Puentes de Ucieda, en Saja-Besaya<span class=\"ez-toc-section-end\"><\/span><\/h3>\n<p style=\"text-align: center;\"><a href=\"https:\/\/www.sensacionrural.es\/blog\/wp-content\/uploads\/2018\/12\/senda-puentes-ucieda.jpg\" data-rel=\"penci-gallery-image-content\" ><img loading=\"lazy\" decoding=\"async\" class=\"aligncenter size-full wp-image-10669\" src=\"https:\/\/www.sensacionrural.es\/blog\/wp-content\/uploads\/2018\/12\/senda-puentes-ucieda.jpg\" alt=\"senda puentes ucieda\" width=\"640\" height=\"434\" srcset=\"https:\/\/www.sensacionrural.es\/blog\/wp-content\/uploads\/2018\/12\/senda-puentes-ucieda.jpg 640w, https:\/\/www.sensacionrural.es\/blog\/wp-content\/uploads\/2018\/12\/senda-puentes-ucieda-300x203.jpg 300w, https:\/\/www.sensacionrural.es\/blog\/wp-content\/uploads\/2018\/12\/senda-puentes-ucieda-600x407.jpg 600w\" sizes=\"(max-width: 640px) 100vw, 640px\" \/><\/a><\/p>\n<p style=\"text-align: center;\">Guill\u00e9n P\u00e9rez (cc)<\/p>\n<p>Otra de las rutas de senderismo que puedes realizar en Cantabria es la de <strong>los Puentes de Ucieda<\/strong>. A diferencia de otros itinerarios que os podemos se\u00f1alar, en este caso la principal caracter\u00edstica de esta zona es su majestuoso robledal, repleto de \u00e1rboles singulares. No en vano, nos encontramos en uno de los espacios naturales m\u00e1s espectaculares de la comunidad, como es el Parque Natural del Saja-Besaya.<\/p>\n<p>Como ya habr\u00e9is deducido, esta ruta se compone de numerosos puentes y pasarelas que atraviesan los arroyos de este magn\u00edfico robledal. Un lugar donde tambi\u00e9n puedes ver otros \u00e1rboles como casta\u00f1os, hayas o abedules, por lo que es perfecto para ser visitado en oto\u00f1o, cuando adquieren un color espectacular, \u00a1te maravillar\u00e1!<\/p>\n<h4>Descripci\u00f3n de la Ruta<\/h4>\n<p>La ruta que te proponemos para contemplar tan bello paraje es de car\u00e1cter circular, partiendo desde la propia Campa de Ucieda. La ruta prosigue pasado el R\u00edo Bayones, adentr\u00e1ndose en el Hayedo de la Llana de Oyar, para pasar luego por diversos puentes y pasarelas y proseguir por el Regato de la Toba. Por el camino, cruzaremos diversos puentes de madera y podremos observar algunos magn\u00edficos ejemplares de roble, entre ellos el \u201cRoble Tumbado\u201d, as\u00ed como algunos saltos de agua y cascadas de sus arroyos que van surgiendo.<\/p>\n<p>Debido a que se atraviesa un bosque, te aconsejamos que llev\u00e9is buen calzado. El itinerario es de unos 14,5 km, con bastante desnivel y con un terreno bastante complejo. Si bien es cierto que est\u00e1 bien se\u00f1alizado, por estos motivos es conveniente tener cierta experiencia en el senderismo para hacerlo con total garant\u00eda.<\/p>\n<h4>Mapa de la Ruta<\/h4>\n<p style=\"text-align: center;\"><iframe src=\"https:\/\/www.google.com\/maps\/d\/embed?mid=1QCZVTfzDfg6j4ZSLCidoF389FFYmoF4&amp;ehbc=2E312F\" width=\"640\" height=\"480\"><\/iframe><\/p>\n<h4>Ficha T\u00e9cnica de la Ruta<\/h4>\n<table width=\"211\">\n<tbody>\n<tr>\n<td width=\"131\">Nombre<\/td>\n<td width=\"80\">Senda de los Puentes de Ucieda<\/td>\n<\/tr>\n<tr>\n<td>Localidad<\/td>\n<td>Saja<\/td>\n<\/tr>\n<tr>\n<td>Distancia<\/td>\n<td>14,5 km<\/td>\n<\/tr>\n<tr>\n<td>Tipo<\/td>\n<td>Circular<\/td>\n<\/tr>\n<tr>\n<td>Dificultad<\/td>\n<td>Moderada<\/td>\n<\/tr>\n<tr>\n<td>Desnivel Positivo<\/td>\n<td>454 m<\/td>\n<\/tr>\n<tr>\n<td>Desnivel Negativo<\/td>\n<td>454 m<\/td>\n<\/tr>\n<\/tbody>\n<\/table>\n<h3><span class=\"ez-toc-section\" id=\"6_Ruta_por_el_Desfiladero_de_La_Hermida_y_el_Mirador_de_Santa_Catalina\"><\/span>6. Ruta por el Desfiladero de La Hermida y el Mirador de Santa Catalina<span class=\"ez-toc-section-end\"><\/span><\/h3>\n<p style=\"text-align: center;\"><a href=\"https:\/\/www.sensacionrural.es\/blog\/wp-content\/uploads\/2018\/12\/ruta-desfiladero-hermida.jpg\" data-rel=\"penci-gallery-image-content\" ><img loading=\"lazy\" decoding=\"async\" class=\"aligncenter size-full wp-image-10670\" src=\"https:\/\/www.sensacionrural.es\/blog\/wp-content\/uploads\/2018\/12\/ruta-desfiladero-hermida.jpg\" alt=\"ruta desfiladero hermida\" width=\"640\" height=\"480\" srcset=\"https:\/\/www.sensacionrural.es\/blog\/wp-content\/uploads\/2018\/12\/ruta-desfiladero-hermida.jpg 640w, https:\/\/www.sensacionrural.es\/blog\/wp-content\/uploads\/2018\/12\/ruta-desfiladero-hermida-300x225.jpg 300w, https:\/\/www.sensacionrural.es\/blog\/wp-content\/uploads\/2018\/12\/ruta-desfiladero-hermida-600x450.jpg 600w\" sizes=\"(max-width: 640px) 100vw, 640px\" \/><\/a><\/p>\n<p style=\"text-align: center;\">Lourdes Cardenal (cc)<\/p>\n<p>La riqueza natural de Cantabria es m\u00e1s que envidiable, como ya habr\u00e1s visto. \u00bfQuieres m\u00e1s pruebas? Pues bien, os vamos a hablar de otra zona espectacular de Cantabria donde realizar diferentes rutas de senderismo, as\u00ed como otras actividades de aventura, como es <strong>el Desfiladero de La Hermida<\/strong>, en el l\u00edmite con Los Picos de Europa. Sin ir m\u00e1s lejos, se trata de el desfiladero m\u00e1s largo de Espa\u00f1a, con 21 kil\u00f3metros de longitud, \u00a1casi nada!<\/p>\n<p>Conformado por impresionantes paredes verticales de m\u00e1s de 600 metros de altura, gracias principalmente al moldeado del cauce del r\u00edo Deva, su valor paisaj\u00edstico, debido a sus angostas gargantas, as\u00ed como valor faun\u00edstico, hacen del Desfiladero de La Hermida uno de los destinos m\u00e1s impactantes para monta\u00f1eros, escaladores y amantes de la naturaleza.<\/p>\n<h4>Descripci\u00f3n de la Ruta<\/h4>\n<p>Como adem\u00e1s de que disfrutes del ejercicio al aire libre, nos gusta que descubras paisajes \u00fanicos, en el Desfiladero de La Hermida te recomendamos una ruta que pasa por el <strong>Mirador de Santa Catalina<\/strong>, tambi\u00e9n denominada Bolera de los Moros, debido a una antigua fortificaci\u00f3n de origen \u00e1rabe del siglo VIII que le da nombre. Esta ruta es de car\u00e1cter circular y parte de la localidad de Cicera. Desde ah\u00ed, hay que seguir el curso de la Riega de Cicera y enlazar con la Riega de Santa Catalina, donde atravesaremos una preciosa masa forestal que nos llevar\u00e1 al Mirador de Santa Catalina, uno de los mejores de Cantabria, sin lugar a dudas.<\/p>\n<p>Desde ah\u00ed, podemos descender por el bosque hasta la carretera CA-357, para volver a Cicera. En total, esta ruta es de casi 14 km y cuesta unas 5 horas recorrerla. A pesar del desnivel, su correcta se\u00f1alizaci\u00f3n y suave pendiente hace que no sea una ruta excesivamente compleja. Es m\u00e1s, \u00a1el tramo m\u00e1s peligroso es el de carretera! Si bien es cierto que os recomendamos hacer la ruta completa, si \u00fanicamente quer\u00e9is ir al Mirador y no ten\u00e9is m\u00e1s tiempo para disfrutar de este entorno -\u00a1t\u00fa ver\u00e1s!- puedes aparcar en la localidad de Pi\u00f1eres e ir directamente al Mirador, en una peque\u00f1a caminata de unos 2 2m.<\/p>\n<h4>Mapa de la Ruta<\/h4>\n<p style=\"text-align: center;\"><iframe src=\"https:\/\/www.google.com\/maps\/d\/embed?mid=17RFEH2fgs-shHNgTFPsYzArdqDJl41o&amp;ehbc=2E312F\" width=\"640\" height=\"480\"><\/iframe><\/p>\n<h4>Ficha T\u00e9cnica de la Ruta<\/h4>\n<table width=\"211\">\n<tbody>\n<tr>\n<td width=\"131\">Nombre<\/td>\n<td width=\"80\">Desfiladero de la Hermida y Mirador de Santa Catalina<\/td>\n<\/tr>\n<tr>\n<td>Localidad<\/td>\n<td>Cicera<\/td>\n<\/tr>\n<tr>\n<td>Distancia<\/td>\n<td>10,5 km<\/td>\n<\/tr>\n<tr>\n<td>Tipo<\/td>\n<td>Circular<\/td>\n<\/tr>\n<tr>\n<td>Dificultad<\/td>\n<td>Moderada<\/td>\n<\/tr>\n<tr>\n<td>Desnivel Positivo<\/td>\n<td>856 m<\/td>\n<\/tr>\n<tr>\n<td>Desnivel Negativo<\/td>\n<td>856 m<\/td>\n<\/tr>\n<\/tbody>\n<\/table>\n<h3><span class=\"ez-toc-section\" id=\"7_Ruta_de_los_Valles_Pasiegos_y_el_Alto_Caracol\"><\/span>7. Ruta de los Valles Pasiegos y el Alto Caracol<span class=\"ez-toc-section-end\"><\/span><\/h3>\n<p style=\"text-align: center;\"><a href=\"https:\/\/www.sensacionrural.es\/blog\/wp-content\/uploads\/2018\/12\/rutas-cumbres-pasiegas.jpg\" data-rel=\"penci-gallery-image-content\" ><img loading=\"lazy\" decoding=\"async\" class=\"aligncenter size-full wp-image-10671\" src=\"https:\/\/www.sensacionrural.es\/blog\/wp-content\/uploads\/2018\/12\/rutas-cumbres-pasiegas.jpg\" alt=\"rutas cumbres pasiegas\" width=\"640\" height=\"480\" srcset=\"https:\/\/www.sensacionrural.es\/blog\/wp-content\/uploads\/2018\/12\/rutas-cumbres-pasiegas.jpg 640w, https:\/\/www.sensacionrural.es\/blog\/wp-content\/uploads\/2018\/12\/rutas-cumbres-pasiegas-300x225.jpg 300w, https:\/\/www.sensacionrural.es\/blog\/wp-content\/uploads\/2018\/12\/rutas-cumbres-pasiegas-600x450.jpg 600w\" sizes=\"(max-width: 640px) 100vw, 640px\" \/><\/a><\/p>\n<p style=\"text-align: center;\">Jes\u00fas G\u00f3mez Fern\u00e1ndez (cc)<\/p>\n<p>Otra de las zonas de Cantabria que merece la pena \u201cpatear\u201d es la de <strong>los Valles Pasiegos<\/strong>. Aqu\u00ed, en el sudeste de la comunidad, existen parajes verdes de una belleza excepcional, donde los prados y las monta\u00f1as, junto con algunos pueblecitos coquetos y cuidados, dibujan una estampa perfecta.<\/p>\n<p>En este caso, el itinerario que hemos escogido y que puede ser una de las rutas de senderismo m\u00e1s atractivas en Cantabria, parte desde la peque\u00f1a localidad de La Concha, en San Roque de Riomiera. Un lugar que se caracteriza por los incre\u00edbles valles, como el Miera o el Pisue\u00f1a, adem\u00e1s de diferentes casonas de labranza.<\/p>\n<h4>Descripci\u00f3n de la Ruta<\/h4>\n<p>Esta ruta supone el ascenso al Alto del Caracol, un peque\u00f1o paso de monta\u00f1a entre los valles de Pisue\u00f1a y Miera, donde obtendr\u00e1s unas vistas espectaculares de todo el entorno. Desde La Concha, se trata de una ruta circular, donde se comienza a ascender hasta lo Alto del Caracol, con un desnivel de unos 500-600 metros.<\/p>\n<p>En total, son 13 Km. de ruta que se realiza en poco m\u00e1s de 5 horas. Debido al desnivel, se considera una senda de nivel intermedio, as\u00ed que no es apto para todo el mundo, obviamente. Eso s\u00ed, lo que os garantizamos es que os encantar\u00e1, ya que descubrir\u00e9is uno de los paisajes m\u00e1s hipn\u00f3ticos de Cantabria.<\/p>\n<h4>Mapa de la Ruta<\/h4>\n<p style=\"text-align: center;\"><iframe src=\"https:\/\/www.google.com\/maps\/d\/embed?mid=1-Qe5zsLj-j7z1t8AstRSMC1Qbz9urdE&amp;ehbc=2E312F\" width=\"640\" height=\"480\"><\/iframe><\/p>\n<h4>Ficha T\u00e9cnica de la Ruta<\/h4>\n<table width=\"211\">\n<tbody>\n<tr>\n<td width=\"131\">Nombre<\/td>\n<td width=\"80\">Ruta de Valles Pasiegos y Alto del Caracol<\/td>\n<\/tr>\n<tr>\n<td>Localidad<\/td>\n<td>Selaya\/ San Roque de Riomiera<\/td>\n<\/tr>\n<tr>\n<td>Distancia<\/td>\n<td>13,2 km<\/td>\n<\/tr>\n<tr>\n<td>Tipo<\/td>\n<td>Circular<\/td>\n<\/tr>\n<tr>\n<td>Dificultad<\/td>\n<td>Moderada<\/td>\n<\/tr>\n<tr>\n<td>Desnivel Positivo<\/td>\n<td>533 m<\/td>\n<\/tr>\n<tr>\n<td>Desnivel Negativo<\/td>\n<td>533 m<\/td>\n<\/tr>\n<\/tbody>\n<\/table>\n<p>Como has podido comprobar, realizando estas rutas de senderismo, tendr\u00e1s la posibilidad de descubrir lugares \u00fanicos e irrepetibles, como los que existen en Cantabria, \u00a1desc\u00fabrelos!<\/p>\n","protected":false},"excerpt":{"rendered":"<p>\u00bfQu\u00e9 podemos decir de Cantabria que no hayamos dicho antes? Si te gusta la costa,&hellip;<\/p>\n","protected":false},"author":5,"featured_media":25833,"comment_status":"open","ping_status":"open","sticky":false,"template":"","format":"standard","meta":{"content-type":"","om_disable_all_campaigns":false,"footnotes":""},"categories":[39],"tags":[75],"aioseo_notices":[],"_links":{"self":[{"href":"https:\/\/www.sensacionrural.es\/blog\/wp-json\/wp\/v2\/posts\/10664"}],"collection":[{"href":"https:\/\/www.sensacionrural.es\/blog\/wp-json\/wp\/v2\/posts"}],"about":[{"href":"https:\/\/www.sensacionrural.es\/blog\/wp-json\/wp\/v2\/types\/post"}],"author":[{"embeddable":true,"href":"https:\/\/www.sensacionrural.es\/blog\/wp-json\/wp\/v2\/users\/5"}],"replies":[{"embeddable":true,"href":"https:\/\/www.sensacionrural.es\/blog\/wp-json\/wp\/v2\/comments?post=10664"}],"version-history":[{"count":20,"href":"https:\/\/www.sensacionrural.es\/blog\/wp-json\/wp\/v2\/posts\/10664\/revisions"}],"predecessor-version":[{"id":25836,"href":"https:\/\/www.sensacionrural.es\/blog\/wp-json\/wp\/v2\/posts\/10664\/revisions\/25836"}],"wp:featuredmedia":[{"embeddable":true,"href":"https:\/\/www.sensacionrural.es\/blog\/wp-json\/wp\/v2\/media\/25833"}],"wp:attachment":[{"href":"https:\/\/www.sensacionrural.es\/blog\/wp-json\/wp\/v2\/media?parent=10664"}],"wp:term":[{"taxonomy":"category","embeddable":true,"href":"https:\/\/www.sensacionrural.es\/blog\/wp-json\/wp\/v2\/categories?post=10664"},{"taxonomy":"post_tag","embeddable":true,"href":"https:\/\/www.sensacionrural.es\/blog\/wp-json\/wp\/v2\/tags?post=10664"}],"curies":[{"name":"wp","href":"https:\/\/api.w.org\/{rel}","templated":true}]}}